{"id":61418,"date":"2019-09-27T19:14:57","date_gmt":"2019-09-27T19:14:57","guid":{"rendered":"https:\/\/colimdo.org\/?p=61418"},"modified":"2019-09-27T19:14:57","modified_gmt":"2019-09-27T19:14:57","slug":"inefi-inicia-convivencia-rumbo-novenos-juegos-escolares","status":"publish","type":"post","link":"https:\/\/colimdo.org\/noticias\/inefi-inicia-convivencia-rumbo-novenos-juegos-escolares\/","title":{"rendered":"Inefi inicia convivencia rumbo a novenos Juegos Escolares"},"content":{"rendered":"<p>DIARIO LIBRE.- Estudiantes de m\u00e1s de 2,000 escuelas de todo el pa\u00eds participan desde este jueves en las convivencia curriculares organizadas por el Instituto Nacional de Educaci\u00f3n F\u00edsica (Inefi), de cara a los IX Juegos Escolares Deportivos Nacionales Monte Plata 2019, que se celebrar\u00e1n del 7 al 16 de noviembre pr\u00f3ximo.<\/p>\n<p>El acto oficial de apertura tuvo lugar en el Club Los Cachorros del sector Cristo Rey, en el Distrito Nacional, con la presencia de las principales autoridades del Inefi y del sector educativo.<\/p>\n<p>Las convivencias inician con las eliminatorias distritales que se extender\u00e1n hasta el jueves 3 de octubre y contar\u00e1n con el acompa\u00f1amiento de los t\u00e9cnicos docentes de la instituci\u00f3n, quienes est\u00e1n cubriendo los 119 distritos educativos del pa\u00eds.<\/p>\n<div class=\"paragraph\">\n<p>En las eliminatorias, los estudiantes compiten en 23 disciplinas deportivas, en las cuales cada distrito debe tener una representaci\u00f3n de cada disciplina.<\/p>\n<p>Los distritos que clasifiquen pasar\u00e1n a las competencias regionales escolares en las 18 regionales educativas, pero en el nivel secundario.<\/p>\n<p>Los eventos son para j\u00f3venes nacidos a partir del a\u00f1o 2002-2003 en deportes de combate. Los dem\u00e1s deportes ser\u00e1n para los que tienen registro de nacimiento en los a\u00f1os 2002, 2003 y 2004, excepto el b\u00e9isbol que incluye a los de 2005 y 2006.<\/p>\n<p>Adem\u00e1s, estas convivencias sirven para evaluar el trabajo que vienen realizando los seis mil profesores de educaci\u00f3n f\u00edsica en todo el territorio nacional.<\/p>\n<p>Asimismo, las convivencias deportivas curriculares de Educaci\u00f3n F\u00edsica son eventos de naturaleza m\u00faltiple que se celebran en dos versiones durante el a\u00f1o lectivo escolar como evaluaci\u00f3n del curr\u00edculo de Educaci\u00f3n F\u00edsica. A trav\u00e9s de la hora de clase se eval\u00faa la calidad del trabajo realizado por los estudiantes bajo orientaci\u00f3n del docente.<\/p>\n<\/div>\n<div class=\"paragraph\">\n<p>La ceremonia protocolar inici\u00f3 con el desfile de los estudiantes representantes de los centros educativos participantes y a seguidas se escuch\u00f3 el Himno Nacional.<\/p>\n<p>La oraci\u00f3n de invocaci\u00f3n estuvo a cargo de la estudiante F\u00e1tima Rodr\u00edguez V\u00e1squez, del quinto grado, de la Escuela Nacional de Artes y Oficios.<\/p>\n<p>Mientras que el juramento deportivo fue tomado por el estudiante Juli\u00e1n Amarante Suazo, del quinto grado del Polit\u00e9cnico \u00c1ngeles Custodio.<\/p>\n<p>Las palabras de bienvenida fueron pronunciadas por el director del Distrito Educativo 15-04 (Santo Domingo Noroeste), Roberto Rodr\u00edguez.<\/p>\n<p>Al dirigirse a los presentes en el discurso central del acto, el subdirector general del Inefi, licenciado Nelson Acevedo, quien ostent\u00f3 la representaci\u00f3n del director ejecutivo, ingeniero Jorge Minaya, dijo que estas convivencias curriculares son un reconocimiento al trabajo de los docentes y de los estudiantes que participan.<\/p>\n<p>El saque de honor fue realizado por el director zonal de Educaci\u00f3n F\u00edsica, en la zona metropolitana, Santo Mar\u00eda.<\/p>\n<p>La actividad culmin\u00f3 con la m\u00fasica y la animaci\u00f3n del cantante urbano Ygnacio Alberto Santiago, mejor conocido como Music\u00f3logo.<\/p>\n<\/div>\n","protected":false},"excerpt":{"rendered":"<p>El acto oficial de apertura tuvo lugar en el Club Los Cachorros del sector Cristo Rey, en el Distrito Nacional, con la presencia de las principales autoridades del Inefi y del sector educativo.<\/p>\n","protected":false},"author":19,"featured_media":61419,"comment_status":"closed","ping_status":"closed","sticky":false,"template":"","format":"standard","meta":[],"categories":[2,60],"tags":[],"acf":[],"_links":{"self":[{"href":"https:\/\/colimdo.org\/wp-api\/wp\/v2\/posts\/61418"}],"collection":[{"href":"https:\/\/colimdo.org\/wp-api\/wp\/v2\/posts"}],"about":[{"href":"https:\/\/colimdo.org\/wp-api\/wp\/v2\/types\/post"}],"author":[{"embeddable":true,"href":"https:\/\/colimdo.org\/wp-api\/wp\/v2\/users\/19"}],"replies":[{"embeddable":true,"href":"https:\/\/colimdo.org\/wp-api\/wp\/v2\/comments?post=61418"}],"version-history":[{"count":1,"href":"https:\/\/colimdo.org\/wp-api\/wp\/v2\/posts\/61418\/revisions"}],"predecessor-version":[{"id":61420,"href":"https:\/\/colimdo.org\/wp-api\/wp\/v2\/posts\/61418\/revisions\/61420"}],"wp:featuredmedia":[{"embeddable":true,"href":"https:\/\/colimdo.org\/wp-api\/wp\/v2\/media\/61419"}],"wp:attachment":[{"href":"https:\/\/colimdo.org\/wp-api\/wp\/v2\/media?parent=61418"}],"wp:term":[{"taxonomy":"category","embeddable":true,"href":"https:\/\/colimdo.org\/wp-api\/wp\/v2\/categories?post=61418"},{"taxonomy":"post_tag","embeddable":true,"href":"https:\/\/colimdo.org\/wp-api\/wp\/v2\/tags?post=61418"}],"curies":[{"name":"wp","href":"https:\/\/api.w.org\/{rel}","templated":true}]}}