{"id":61444,"date":"2019-09-28T03:13:42","date_gmt":"2019-09-28T03:13:42","guid":{"rendered":"https:\/\/colimdo.org\/?p=61444"},"modified":"2019-09-28T03:13:50","modified_gmt":"2019-09-28T03:13:50","slug":"fallecio-katy-collins-peleadora-mma-aneurisma-cerebral","status":"publish","type":"post","link":"https:\/\/colimdo.org\/noticias\/fallecio-katy-collins-peleadora-mma-aneurisma-cerebral\/","title":{"rendered":"Falleci\u00f3 Katy Collins, peleadora de MMA, por aneurisma cerebral"},"content":{"rendered":"<p>La peleadora de artes marciales mixtas\u00a0Katy Collins, quien compiti\u00f3 en Bellator as\u00ed como en otras empresas, falleci\u00f3 a los 32 a\u00f1os de edad luego de sufrir un aneurisma cerebral la semana pasada, anunci\u00f3 su entrenador a trav\u00e9s de redes sociales.<\/p>\n<p>&#8220;La pelea termin\u00f3. Nunca dejaste de pelear y nunca nos dimos por vencidos contigo, simplemente no estaba en las cartas&#8221;, escribi\u00f3 JT Tiller, quien dirigi\u00f3 a Collins en el Branson Fight Club in Missouri.<\/p>\n<p>&#8220;Siempre he estado muy orgulloso de ti, Kate. Lo hicimos. Tuve el honor de poder vivir tu sue\u00f1o contigo. No lo cambiar\u00eda por nada. Te extra\u00f1ar\u00e9 m\u00e1s de lo que el mundo sabr\u00e1&#8221;.<\/p>\n<p>El aneurisma ocurri\u00f3 despu\u00e9s de un derrame cerebral y convulsiones, de acuerdo a varios reportes de la prensa. Una p\u00e1gina de recaudaci\u00f3n a nombre de Collins se\u00f1alaba que le sobreviven dos hijos peque\u00f1os.<\/p>\n<p>Collins tuvo marca 7-5 en una carrera profesional que comenz\u00f3 en el 2015. Sus peleas de m\u00e1s alto perfil fueron en Bellator, donde termin\u00f3 2-1. Su derrota fue ante\u00a0Emily Ducote, quien se convirti\u00f3 en retadora al t\u00edtulo de peso mosca.<\/p>\n<p>Conocida por el apodo &#8220;Red Dragon&#8221;, Collins pele\u00f3 por \u00faltima vez en junio del 2018 para la empresa Legacy Fighting Alliance.<\/p>\n","protected":false},"excerpt":{"rendered":"<p>La peleadora de artes marciales mixtas muri\u00f3 a los 32 a\u00f1os de edad luego de sufrir un aneurisma cerebral la semana pasada.<\/p>\n","protected":false},"author":13,"featured_media":61445,"comment_status":"closed","ping_status":"closed","sticky":false,"template":"","format":"standard","meta":[],"categories":[2,60],"tags":[],"acf":[],"_links":{"self":[{"href":"https:\/\/colimdo.org\/wp-api\/wp\/v2\/posts\/61444"}],"collection":[{"href":"https:\/\/colimdo.org\/wp-api\/wp\/v2\/posts"}],"about":[{"href":"https:\/\/colimdo.org\/wp-api\/wp\/v2\/types\/post"}],"author":[{"embeddable":true,"href":"https:\/\/colimdo.org\/wp-api\/wp\/v2\/users\/13"}],"replies":[{"embeddable":true,"href":"https:\/\/colimdo.org\/wp-api\/wp\/v2\/comments?post=61444"}],"version-history":[{"count":1,"href":"https:\/\/colimdo.org\/wp-api\/wp\/v2\/posts\/61444\/revisions"}],"predecessor-version":[{"id":61446,"href":"https:\/\/colimdo.org\/wp-api\/wp\/v2\/posts\/61444\/revisions\/61446"}],"wp:featuredmedia":[{"embeddable":true,"href":"https:\/\/colimdo.org\/wp-api\/wp\/v2\/media\/61445"}],"wp:attachment":[{"href":"https:\/\/colimdo.org\/wp-api\/wp\/v2\/media?parent=61444"}],"wp:term":[{"taxonomy":"category","embeddable":true,"href":"https:\/\/colimdo.org\/wp-api\/wp\/v2\/categories?post=61444"},{"taxonomy":"post_tag","embeddable":true,"href":"https:\/\/colimdo.org\/wp-api\/wp\/v2\/tags?post=61444"}],"curies":[{"name":"wp","href":"https:\/\/api.w.org\/{rel}","templated":true}]}}