{"id":61453,"date":"2019-09-28T14:47:11","date_gmt":"2019-09-28T14:47:11","guid":{"rendered":"https:\/\/colimdo.org\/?p=61453"},"modified":"2019-09-28T14:47:18","modified_gmt":"2019-09-28T14:47:18","slug":"piloto-charles-leclerc-se-lleva-la-pole-gp-rusia","status":"publish","type":"post","link":"https:\/\/colimdo.org\/noticias\/piloto-charles-leclerc-se-lleva-la-pole-gp-rusia\/","title":{"rendered":"Piloto Charles Leclerc se lleva la pole en el GP de Rusia"},"content":{"rendered":"<p>El monegasco Charles Leclerc comandar\u00e1 con su Ferrari la parrilla de salida del Gran Premio de Rusia de F\u00f3rmula Uno tras lograr este s\u00e1bado la &#8216;pole&#8217; con un tiempo de 1:31.628.<\/p>\n<p>Con una \u00faltima vuelta extraordinaria, siendo el \u00fanico piloto en 1:31.6, Charles Leclerc rubric\u00f3 el mejor tiempo en la sesi\u00f3n de calificaci\u00f3n y se gan\u00f3 por pleno derecho encabezar la carrera de este domingo en la ciudad ol\u00edmpica de Sochi.<\/p>\n<p>El brit\u00e1nico Lewis Hamilton, l\u00edder del Campeonato del Mundo, saldr\u00e1 segundo (+0.402). El alem\u00e1n Sebastian Vettel dej\u00f3 el otro Ferrari en la tercera plaza, a 425 mil\u00e9simas de su compa\u00f1ero en su mejor giro. Aunque el holand\u00e9s Max Verstappen firm\u00f3 el cuarto mejor crono, deber\u00e1 ceder cinco posiciones en la parrilla de salida ya que sustituy\u00f3 la unidad de combusti\u00f3n interna de su motor Honda.<\/p>\n<p>En consecuencia, el finland\u00e9s Valtteri Bottas (Mercedes) saldr\u00e1 cuarto y el espa\u00f1ol Carlos Sainz (McLaren) ser\u00e1 quinto al inicio de la carrera. &#8220;Hemos dado un paso muy grande&#8221;, expuso Carlos Sainz en declaraciones a Movistar F1. &#8220;He hecho una vuelta muy buena, despu\u00e9s de todo el fin de semana sufriendo. La mejora fue grande del viernes al s\u00e1bado y de la Q2 a la Q3. No esper\u00e1bamos batir a Renault y a Haas&#8221;, a\u00f1adi\u00f3.<\/p>\n<p>Resultados de la sesi\u00f3n de clasificaci\u00f3n del Gran Premio de Rusia:<\/p>\n<ol>\n<li>Charles Leclerc (MON\/Ferrari)\u00a0\u00a0 1:31.628<\/li>\n<li>Lewis Hamilton (GBR\/Mercedes)\u00a0\u00a0 1:32.030<\/li>\n<li>Sebastian Vettel (ALE\/Ferrari)\u00a0 1:32.053<\/li>\n<li>Max Verstappen (HOL\/Red Bull)\u00a0\u00a0 1:32.310<\/li>\n<li>Valtteri Bottas (FIN\/Mercedes)\u00a0 1:32.632<\/li>\n<li>Carlos Sainz (ESP\/McLaren)\u00a0\u00a0\u00a0\u00a0\u00a0 1:33.222<\/li>\n<li>Nico Hulkenberg (ALE\/Renault)\u00a0\u00a0 1:33.289<\/li>\n<li>Lando Norris (GBR\/McLaren)\u00a0\u00a0\u00a0\u00a0\u00a0 1:33.301<\/li>\n<li>Romain Grosjean (FRA\/Haas)\u00a0\u00a0\u00a0\u00a0\u00a0 1:33.517<\/li>\n<\/ol>\n<p>10.\u00a0 Daniel Ricciardo (AUS\/Renault)\u00a0 1:33.661<\/p>\n","protected":false},"excerpt":{"rendered":"<p>El monegasco rubric\u00f3 el mejor tiempo en la sesi\u00f3n de calificaci\u00f3n este s\u00e1bado. Lewis Hamilton saldr\u00e1 segundo y Sebastian Vettel tercero este domingo.<\/p>\n","protected":false},"author":13,"featured_media":61454,"comment_status":"closed","ping_status":"closed","sticky":false,"template":"","format":"standard","meta":[],"categories":[2,60],"tags":[],"acf":[],"_links":{"self":[{"href":"https:\/\/colimdo.org\/wp-api\/wp\/v2\/posts\/61453"}],"collection":[{"href":"https:\/\/colimdo.org\/wp-api\/wp\/v2\/posts"}],"about":[{"href":"https:\/\/colimdo.org\/wp-api\/wp\/v2\/types\/post"}],"author":[{"embeddable":true,"href":"https:\/\/colimdo.org\/wp-api\/wp\/v2\/users\/13"}],"replies":[{"embeddable":true,"href":"https:\/\/colimdo.org\/wp-api\/wp\/v2\/comments?post=61453"}],"version-history":[{"count":1,"href":"https:\/\/colimdo.org\/wp-api\/wp\/v2\/posts\/61453\/revisions"}],"predecessor-version":[{"id":61455,"href":"https:\/\/colimdo.org\/wp-api\/wp\/v2\/posts\/61453\/revisions\/61455"}],"wp:featuredmedia":[{"embeddable":true,"href":"https:\/\/colimdo.org\/wp-api\/wp\/v2\/media\/61454"}],"wp:attachment":[{"href":"https:\/\/colimdo.org\/wp-api\/wp\/v2\/media?parent=61453"}],"wp:term":[{"taxonomy":"category","embeddable":true,"href":"https:\/\/colimdo.org\/wp-api\/wp\/v2\/categories?post=61453"},{"taxonomy":"post_tag","embeddable":true,"href":"https:\/\/colimdo.org\/wp-api\/wp\/v2\/tags?post=61453"}],"curies":[{"name":"wp","href":"https:\/\/api.w.org\/{rel}","templated":true}]}}