{"id":61464,"date":"2019-09-28T21:53:53","date_gmt":"2019-09-28T21:53:53","guid":{"rendered":"https:\/\/colimdo.org\/?p=61464"},"modified":"2019-09-28T21:53:59","modified_gmt":"2019-09-28T21:53:59","slug":"valdez-russo-reelecto-presidente-las-aguilas-cibaenas","status":"publish","type":"post","link":"https:\/\/colimdo.org\/noticias\/valdez-russo-reelecto-presidente-las-aguilas-cibaenas\/","title":{"rendered":"Valdez Russo, reelecto como presidente de las \u00c1guilas Cibae\u00f1as"},"content":{"rendered":"<p>SANTIAGO.- El doctor Adriano Valdez Russo fue reelegido como presidente de las \u00c1guilas Cibae\u00f1as este s\u00e1bado, en la asamblea eleccionaria del equipo amarillo celebrado en las oficinas del Estadio Cibao de aqu\u00ed.<\/p>\n<p>Empero, al parecer siguen los sin sabores en el equipo de Santiago, ya que la familia S\u00e1nchez Correa, uno de los grandes accionistas no participaron en la asamblea, la misma que fue supervisada por el presidente de Lidom, Vitelio Mej\u00eda.<\/p>\n<p>En la nueva direcci\u00f3n ejecutiva no habr\u00e1 ning\u00fan miembro de la familia S\u00e1nchez Correa.<\/p>\n<p>A Valdez Russo le acompa\u00f1a, V\u00edctor Garc\u00eda Sued, vicepresidente; Fabio Augusto Jorge, tesorero; Luis Gobaira, secretario.<\/p>\n<p>La directiva para el per\u00edodo 2019-2020, tambi\u00e9n tendr\u00e1 a los vocales Quilvio Hern\u00e1ndez, Lionel Garc\u00eda y Tania Hern\u00e1ndez.<\/p>\n","protected":false},"excerpt":{"rendered":"<p>La directiva para el per\u00edodo 2019-2020 fue electa este s\u00e1bado en la asamblea electiva de las \u00c1guilas celebrada en el Estadio Cibao.<\/p>\n","protected":false},"author":13,"featured_media":61465,"comment_status":"closed","ping_status":"closed","sticky":false,"template":"","format":"standard","meta":[],"categories":[2,60],"tags":[],"acf":[],"_links":{"self":[{"href":"https:\/\/colimdo.org\/wp-api\/wp\/v2\/posts\/61464"}],"collection":[{"href":"https:\/\/colimdo.org\/wp-api\/wp\/v2\/posts"}],"about":[{"href":"https:\/\/colimdo.org\/wp-api\/wp\/v2\/types\/post"}],"author":[{"embeddable":true,"href":"https:\/\/colimdo.org\/wp-api\/wp\/v2\/users\/13"}],"replies":[{"embeddable":true,"href":"https:\/\/colimdo.org\/wp-api\/wp\/v2\/comments?post=61464"}],"version-history":[{"count":1,"href":"https:\/\/colimdo.org\/wp-api\/wp\/v2\/posts\/61464\/revisions"}],"predecessor-version":[{"id":61466,"href":"https:\/\/colimdo.org\/wp-api\/wp\/v2\/posts\/61464\/revisions\/61466"}],"wp:featuredmedia":[{"embeddable":true,"href":"https:\/\/colimdo.org\/wp-api\/wp\/v2\/media\/61465"}],"wp:attachment":[{"href":"https:\/\/colimdo.org\/wp-api\/wp\/v2\/media?parent=61464"}],"wp:term":[{"taxonomy":"category","embeddable":true,"href":"https:\/\/colimdo.org\/wp-api\/wp\/v2\/categories?post=61464"},{"taxonomy":"post_tag","embeddable":true,"href":"https:\/\/colimdo.org\/wp-api\/wp\/v2\/tags?post=61464"}],"curies":[{"name":"wp","href":"https:\/\/api.w.org\/{rel}","templated":true}]}}