{"id":61493,"date":"2019-09-29T16:13:43","date_gmt":"2019-09-29T16:13:43","guid":{"rendered":"https:\/\/colimdo.org\/?p=61493"},"modified":"2019-09-29T16:13:57","modified_gmt":"2019-09-29T16:13:57","slug":"cod-celebrara-asamblea-general-ordinaria-este-lunes","status":"publish","type":"post","link":"https:\/\/colimdo.org\/noticias\/cod-celebrara-asamblea-general-ordinaria-este-lunes\/","title":{"rendered":"COD celebrar\u00e1 asamblea general ordinaria este lunes"},"content":{"rendered":"<p><strong>SANTO DOMINGO<\/strong>. El Comit\u00e9 Ol\u00edmpico Dominicano (COD) celebrar\u00e1 este lunes, a las 10:00 de la ma\u00f1ana, su Asamblea General Ordinaria, tras la convocatoria que se hiciera a las Federaciones Deportivas Nacionales.<\/p>\n<p>El encuentro con las Federaciones Deportivas Nacionales est\u00e1 fijado para iniciar a las 10:00 de la ma\u00f1ana, en el Sal\u00f3n de asamblea Juan Ulises Garc\u00eda Saleta del COD.<\/p>\n<p><span style=\"font-style: inherit; font-weight: inherit;\">La convocatoria fue firmada por los licenciados Luis Mej\u00eda Oviedo y Gilberto Garc\u00eda, presidente y secretario general, respectivamente, de ese organismo.<\/span><\/p>\n<p><span style=\"font-style: inherit; font-weight: inherit;\">La asamblea tiene como puntos de agenda, primero, el programa de actividades y presupuesto del COD para el a\u00f1o 2020.<\/span><\/p>\n<p><span style=\"font-style: inherit; font-weight: inherit;\">Un comunicado de prensa del COD indica que la asamblea fue convocada en cumplimiento con el Art\u00edculo 24, ac\u00e1pite A-2, as\u00ed como el art\u00edculo 25, ac\u00e1pite 25.1 del Cap\u00edtulo 6 de los estatutos del COD.<\/span><\/p>\n<p><span style=\"font-style: inherit; font-weight: inherit;\">A esta asamblea asistir\u00e1n todos los miembros afiliados con derecho a voz y voto.<\/span><\/p>\n","protected":false},"excerpt":{"rendered":"<p>El encuentro con las Federaciones Deportivas Nacionales est\u00e1 fijado para iniciar a las 10:00 de la ma\u00f1ana, en el Sal\u00f3n de asamblea del COD. <\/p>\n","protected":false},"author":13,"featured_media":61494,"comment_status":"closed","ping_status":"closed","sticky":false,"template":"","format":"standard","meta":[],"categories":[2,60],"tags":[],"acf":[],"_links":{"self":[{"href":"https:\/\/colimdo.org\/wp-api\/wp\/v2\/posts\/61493"}],"collection":[{"href":"https:\/\/colimdo.org\/wp-api\/wp\/v2\/posts"}],"about":[{"href":"https:\/\/colimdo.org\/wp-api\/wp\/v2\/types\/post"}],"author":[{"embeddable":true,"href":"https:\/\/colimdo.org\/wp-api\/wp\/v2\/users\/13"}],"replies":[{"embeddable":true,"href":"https:\/\/colimdo.org\/wp-api\/wp\/v2\/comments?post=61493"}],"version-history":[{"count":1,"href":"https:\/\/colimdo.org\/wp-api\/wp\/v2\/posts\/61493\/revisions"}],"predecessor-version":[{"id":61495,"href":"https:\/\/colimdo.org\/wp-api\/wp\/v2\/posts\/61493\/revisions\/61495"}],"wp:featuredmedia":[{"embeddable":true,"href":"https:\/\/colimdo.org\/wp-api\/wp\/v2\/media\/61494"}],"wp:attachment":[{"href":"https:\/\/colimdo.org\/wp-api\/wp\/v2\/media?parent=61493"}],"wp:term":[{"taxonomy":"category","embeddable":true,"href":"https:\/\/colimdo.org\/wp-api\/wp\/v2\/categories?post=61493"},{"taxonomy":"post_tag","embeddable":true,"href":"https:\/\/colimdo.org\/wp-api\/wp\/v2\/tags?post=61493"}],"curies":[{"name":"wp","href":"https:\/\/api.w.org\/{rel}","templated":true}]}}