{"id":61496,"date":"2019-09-29T20:53:20","date_gmt":"2019-09-29T20:53:20","guid":{"rendered":"https:\/\/colimdo.org\/?p=61496"},"modified":"2019-09-29T20:53:32","modified_gmt":"2019-09-29T20:53:32","slug":"panama-se-apunta-defensa-corona-serie-del-caribe-2020","status":"publish","type":"post","link":"https:\/\/colimdo.org\/noticias\/panama-se-apunta-defensa-corona-serie-del-caribe-2020\/","title":{"rendered":"Panam\u00e1 se apunta para defensa corona Serie del Caribe 2020"},"content":{"rendered":"<p><strong>SANTO DOMINGO<\/strong>.- La Confederaci\u00f3n de B\u00e9isbol Profesional del Caribe (CBPC) anunci\u00f3 este domingo de manera oficial que Panam\u00e1 estar\u00e1 como invitado en la venidera Serie del Caribe que se celebrar\u00e1 en San Juan, Puerto Rico, del 1 al 7 de Febrero del a\u00f1o 2020, mientras, que Colombia, con la Divisi\u00f3n Profesional de B\u00e9isbol Colombiano podr\u00eda ser el invitado en la Serie del Caribe 2021 en la ciudad de Mazatl\u00e1n, M\u00e9xico.<\/p>\n<p>La revelaci\u00f3n la hizo el licenciado Juan Francisco Puello Herrera, Comisionado de B\u00e9isbol Profesional del Caribe, en un despacho de prensa de la entidad.<\/p>\n<p>\u201cNos complacer anunciar que Panam\u00e1 estar\u00e1 como pa\u00eds invitado en la pr\u00f3xima Serie del Caribe en San Juan, Puerto Rico, 2020 defendiendo su t\u00edtulo de Campe\u00f3n y que ya estamos en di\u00e1logos que pudiesen habilitar al ganador del torneo del a\u00f1o 2020-21 en Colombia para que participe en la Serie del Caribe 2021\u201d, dijo.<\/p>\n<p>Se recuerda que Panam\u00e1, en febrero pasado, se coron\u00f3 campe\u00f3n de la pasada Serie del Caribe, que se mont\u00f3 en la ciudad paname\u00f1a, siendo el pa\u00eds invitado.<\/p>\n<p>Puello Herrera declar\u00f3 que la Confederaci\u00f3n de B\u00e9isbol Profesional del Caribe mantiene su ritmo de trabajo en forma inalterable, siempre en coordinaci\u00f3n con las Ligas Invernales miembros de la CBPC.<\/p>\n<p>Expuso que acaba de regresar de Puerto Rico donde sostuvo varias reuniones muy fruct\u00edferas con los directivos de la Liga de B\u00e9isbol Profesional y los miembros del Comit\u00e9 Organizador que viene trabajando con el montaje de la pr\u00f3xima Serie del Caribe 2020.<\/p>\n<p>\u201cPudimos palpar los avances que viene teniendo la organizaci\u00f3n de la pr\u00f3xima Serie del Caribe 2020\u201d, subray\u00f3 el titular de la Confederaci\u00f3n de B\u00e9isbol Profesional del Caribe.<\/p>\n","protected":false},"excerpt":{"rendered":"<p>La Confederaci\u00f3n de B\u00e9isbol del Caribe hizo el anuncio este domingo, donde se\u00f1al\u00f3 que Colombia podr\u00eda hacerlo en Mazatl\u00e1n 2021.<\/p>\n","protected":false},"author":13,"featured_media":61497,"comment_status":"closed","ping_status":"closed","sticky":false,"template":"","format":"standard","meta":[],"categories":[2,60],"tags":[],"acf":[],"_links":{"self":[{"href":"https:\/\/colimdo.org\/wp-api\/wp\/v2\/posts\/61496"}],"collection":[{"href":"https:\/\/colimdo.org\/wp-api\/wp\/v2\/posts"}],"about":[{"href":"https:\/\/colimdo.org\/wp-api\/wp\/v2\/types\/post"}],"author":[{"embeddable":true,"href":"https:\/\/colimdo.org\/wp-api\/wp\/v2\/users\/13"}],"replies":[{"embeddable":true,"href":"https:\/\/colimdo.org\/wp-api\/wp\/v2\/comments?post=61496"}],"version-history":[{"count":1,"href":"https:\/\/colimdo.org\/wp-api\/wp\/v2\/posts\/61496\/revisions"}],"predecessor-version":[{"id":61498,"href":"https:\/\/colimdo.org\/wp-api\/wp\/v2\/posts\/61496\/revisions\/61498"}],"wp:featuredmedia":[{"embeddable":true,"href":"https:\/\/colimdo.org\/wp-api\/wp\/v2\/media\/61497"}],"wp:attachment":[{"href":"https:\/\/colimdo.org\/wp-api\/wp\/v2\/media?parent=61496"}],"wp:term":[{"taxonomy":"category","embeddable":true,"href":"https:\/\/colimdo.org\/wp-api\/wp\/v2\/categories?post=61496"},{"taxonomy":"post_tag","embeddable":true,"href":"https:\/\/colimdo.org\/wp-api\/wp\/v2\/tags?post=61496"}],"curies":[{"name":"wp","href":"https:\/\/api.w.org\/{rel}","templated":true}]}}