{"id":61552,"date":"2019-10-01T00:04:14","date_gmt":"2019-10-01T00:04:14","guid":{"rendered":"https:\/\/colimdo.org\/?p=61552"},"modified":"2019-10-01T00:04:14","modified_gmt":"2019-10-01T00:04:14","slug":"ejercito-conquista-xi-copa-golf-ministerio-defensa","status":"publish","type":"post","link":"https:\/\/colimdo.org\/noticias\/ejercito-conquista-xi-copa-golf-ministerio-defensa\/","title":{"rendered":"Ej\u00e9rcito conquista XI Copa de Golf Ministerio de Defensa"},"content":{"rendered":"<p>EL NUEVO DIARIO, SANTIAGO.- Los golfistas del Ej\u00e9rcito de la Rep\u00fablica Dominicana (ERD), capitaneado por el coronel Kalil Hach\u00e9, conquist\u00f3 la XI Copa de Golf Mide, organizada por el Ministerio de Defensa que preside el teniente general Rub\u00e9n Dar\u00edo Paulino Sem.<\/p>\n<p>Un total de 160 jugadores se disputaron el concurrido evento celebrado en el Campo Las Aromas.<\/p>\n<p>Los miembros del Ej\u00e9rcito tuvieron una sumatoria de 21 puntos, para quedarse con la Copa Mide que le entreg\u00f3 el Ministro de Defensa Paulino Sem.<\/p>\n<p>La suma de los puntos fue el resultado de la participaci\u00f3n de los miembros del Ej\u00e9rcito en las tres categor\u00edas A, B y C que se disput\u00f3 el evento.<\/p>\n<p>El segundo lugar fue para la Armada de la Rep\u00fablica Dominicana (ARD), quienes acumularon 11 puntos y tuvieron como capit\u00e1n a Anthony Jimini\u00e1n.<\/p>\n<p>El tercer lugar fue para la representaci\u00f3n de la Fuerza A\u00e9rea Dominicana (FAD), quienes totalizaron ocho tantos y fueron capitaneados por Fernando Hern\u00e1ndez.<\/p>\n<p>Finalmente, el colectivo de la Polic\u00eda Nacional se ubic\u00f3 en la cuarta posici\u00f3n con cinco unidades y tuvieron de capit\u00e1n al destacado jugador Federico F\u00e9lix.<\/p>\n<p>RECONOCIMIENTOS<\/p>\n<p>La administraci\u00f3n del Campo Las Aromas hizo un reconocimiento al ministro de Defensa Paulino Sem, por haber tra\u00eddo este importante evento a Santiago.<\/p>\n<p>Alberto Hern\u00e1ndez, administrador del campo Las Aromas motiv\u00f3 el reconocimiento y estuvo acompa\u00f1ado por Jos\u00e9 Clase, Mart\u00edn Rivas, Rafael De Marchena, Carlos Manuel Guti\u00e9rrez y otros directivos.<\/p>\n<p>Paulino Sem agradeci\u00f3 el reconocimiento y ponder\u00f3 la participaci\u00f3n de los 160 golfistas que vieron acci\u00f3n.<\/p>\n<p>A COLLADO<\/p>\n<p>Luego de recibir su reconocimiento, Paulino Sem sorprendi\u00f3 con un reconocimiento a Fernando Collado, quien fue el director general del evento.<\/p>\n<p>El director t\u00e9cnico del und\u00e9cimo torneo fue Tulio Luna y se jug\u00f3 en la modalidad scramble .<\/p>\n<p>Los fondos ser\u00e1n destinados a obras de bienestar por parte de la Asociaci\u00f3n de Esposas de Oficiales.<\/p>\n","protected":false},"excerpt":{"rendered":"<p>Los miembros del Ej\u00e9rcito tuvieron una sumatoria de 21 puntos, para quedarse con la Copa Mide que le entreg\u00f3 el Ministro de Defensa Paulino Sem.<\/p>\n","protected":false},"author":19,"featured_media":61553,"comment_status":"closed","ping_status":"closed","sticky":false,"template":"","format":"standard","meta":[],"categories":[2,60],"tags":[],"acf":[],"_links":{"self":[{"href":"https:\/\/colimdo.org\/wp-api\/wp\/v2\/posts\/61552"}],"collection":[{"href":"https:\/\/colimdo.org\/wp-api\/wp\/v2\/posts"}],"about":[{"href":"https:\/\/colimdo.org\/wp-api\/wp\/v2\/types\/post"}],"author":[{"embeddable":true,"href":"https:\/\/colimdo.org\/wp-api\/wp\/v2\/users\/19"}],"replies":[{"embeddable":true,"href":"https:\/\/colimdo.org\/wp-api\/wp\/v2\/comments?post=61552"}],"version-history":[{"count":1,"href":"https:\/\/colimdo.org\/wp-api\/wp\/v2\/posts\/61552\/revisions"}],"predecessor-version":[{"id":61554,"href":"https:\/\/colimdo.org\/wp-api\/wp\/v2\/posts\/61552\/revisions\/61554"}],"wp:featuredmedia":[{"embeddable":true,"href":"https:\/\/colimdo.org\/wp-api\/wp\/v2\/media\/61553"}],"wp:attachment":[{"href":"https:\/\/colimdo.org\/wp-api\/wp\/v2\/media?parent=61552"}],"wp:term":[{"taxonomy":"category","embeddable":true,"href":"https:\/\/colimdo.org\/wp-api\/wp\/v2\/categories?post=61552"},{"taxonomy":"post_tag","embeddable":true,"href":"https:\/\/colimdo.org\/wp-api\/wp\/v2\/tags?post=61552"}],"curies":[{"name":"wp","href":"https:\/\/api.w.org\/{rel}","templated":true}]}}