{"id":61565,"date":"2019-10-01T15:20:38","date_gmt":"2019-10-01T15:20:38","guid":{"rendered":"https:\/\/colimdo.org\/?p=61565"},"modified":"2019-10-01T15:21:03","modified_gmt":"2019-10-01T15:21:03","slug":"felipe-vicini-invertir-deporte-educacion-impulsa-desarrollo","status":"publish","type":"post","link":"https:\/\/colimdo.org\/noticias\/felipe-vicini-invertir-deporte-educacion-impulsa-desarrollo\/","title":{"rendered":"Felipe Vicini: Invertir en Deporte y educaci\u00f3n impulsa el desarrollo"},"content":{"rendered":"<p><strong>MADRID.<\/strong> El presidente de Creando Sue\u00f1os Ol\u00edmpico, Felipe Vicini, explic\u00f3 el modelo CRESO al empresariado de Iberoamerica a los que invit\u00f3 a invertir en deporte como una de las vias de apoyar el desarrollo social y la generaci\u00f3n de l\u00edderes.<\/p>\n<p>Vicini habl\u00f3 en el panel \u201cEmpresa y Deporte\u201d en el cual fue entrevistado por Juan Antonio Samaranch, Vicepresidente del Comit\u00e9 Ol\u00edmpico Internacional y en el que comparti\u00f3 panel con Javier Tebas, presidente de la Liga Espa\u00f1ola.<\/p>\n<p>\u201cHoy en nuestro pa\u00eds tenemos atletas que se convirtieron en l\u00edderes y que consiguieron un t\u00edtulo universitario y est\u00e1n integr\u00e1ndose activamente en la vida laboral dominicana lo que estoy seguro que a largo plazo ser\u00e1 de un valioso impacto para nuestra naci\u00f3n\u201d sostuvo<\/p>\n<p>Vicini, quien puso como ejemplo los casos de los atletas F\u00e9lix S\u00e1nchez, Yamilet Pe\u00f1a, Gabriel Mercedes, entre otros.<\/p>\n<p>Para Vicini una de los factores diferenciadores adem\u00e1s del programa CRESO ha sido el acompa\u00f1amiento a los atletas.<\/p>\n<p>\u201cPara los atletas ha sido impactante que no solo lo apoyamos con recursos sino que los acompa\u00f1amos, vamos a sus competencias y eso le da un sentido de pertenencia y de valoraci\u00f3n important\u00edsimo \u201c se\u00f1al\u00f3 el empresario.<\/p>\n<p>El panel en el que Vicini, presidente de INICIA en Rep\u00fablica Dominicana, dio sus declaraciones se desarroll\u00f3 en el marco del congreso del Consejo Empresarial de Alianza por Iberoamerica CEAPI, que es la reuni\u00f3n empresarial m\u00e1s importante del mundo hispanohablante.<\/p>\n","protected":false},"excerpt":{"rendered":"<p>El presidente de Creso intervino en el panel \u201cEmpresa y Deporte\u201d en Espa\u00f1a, donde indic\u00f3 que eso impacta positivamente en las empresas.<\/p>\n","protected":false},"author":13,"featured_media":61566,"comment_status":"closed","ping_status":"closed","sticky":false,"template":"","format":"standard","meta":[],"categories":[2,60],"tags":[],"acf":[],"_links":{"self":[{"href":"https:\/\/colimdo.org\/wp-api\/wp\/v2\/posts\/61565"}],"collection":[{"href":"https:\/\/colimdo.org\/wp-api\/wp\/v2\/posts"}],"about":[{"href":"https:\/\/colimdo.org\/wp-api\/wp\/v2\/types\/post"}],"author":[{"embeddable":true,"href":"https:\/\/colimdo.org\/wp-api\/wp\/v2\/users\/13"}],"replies":[{"embeddable":true,"href":"https:\/\/colimdo.org\/wp-api\/wp\/v2\/comments?post=61565"}],"version-history":[{"count":1,"href":"https:\/\/colimdo.org\/wp-api\/wp\/v2\/posts\/61565\/revisions"}],"predecessor-version":[{"id":61567,"href":"https:\/\/colimdo.org\/wp-api\/wp\/v2\/posts\/61565\/revisions\/61567"}],"wp:featuredmedia":[{"embeddable":true,"href":"https:\/\/colimdo.org\/wp-api\/wp\/v2\/media\/61566"}],"wp:attachment":[{"href":"https:\/\/colimdo.org\/wp-api\/wp\/v2\/media?parent=61565"}],"wp:term":[{"taxonomy":"category","embeddable":true,"href":"https:\/\/colimdo.org\/wp-api\/wp\/v2\/categories?post=61565"},{"taxonomy":"post_tag","embeddable":true,"href":"https:\/\/colimdo.org\/wp-api\/wp\/v2\/tags?post=61565"}],"curies":[{"name":"wp","href":"https:\/\/api.w.org\/{rel}","templated":true}]}}