{"id":61568,"date":"2019-10-01T15:56:25","date_gmt":"2019-10-01T15:56:25","guid":{"rendered":"https:\/\/colimdo.org\/?p=61568"},"modified":"2019-10-01T15:56:47","modified_gmt":"2019-10-01T15:56:47","slug":"panam-sports-supervisa-obras-juegos-panamericanos-junior-cali","status":"publish","type":"post","link":"https:\/\/colimdo.org\/noticias\/panam-sports-supervisa-obras-juegos-panamericanos-junior-cali\/","title":{"rendered":"Panam Sports supervisa obras Juegos Panamericanos Junior de Cali"},"content":{"rendered":"<p><strong>CALI, COLOMBIA<\/strong><strong>. <\/strong>El presidente de\u00a0Panam Sports, Neven Ilic, pasar\u00e1 un total de 72 horas en su primera visita oficial a Cali, Colombia, junto con la Comisi\u00f3n de Coordinaci\u00f3n Deportiva Panam. Ilic est\u00e1 recorriendo las principales instalaciones deportivas que se utilizar\u00e1n para albergar los Juegos Panamericanos Junior inaugurales de la historia en la hermosa ciudad de Cali.<\/p>\n<p>En el primer d\u00eda de la visita, Neven Ilic particip\u00f3 en el seminario de Orientaci\u00f3n entre los l\u00edderes de Panam Sports y el Comit\u00e9 Organizador de los Juegos Panam Junior Cali 2021. El grupo recorri\u00f3 diferentes recintos deportivos y concluy\u00f3 con una conferencia de prensa en el hist\u00f3rico Estadio Ol\u00edmpico Pascual Guerrero.<\/p>\n<p>&#8220;La verdad es que es un honor para m\u00ed estar en Cali por primera vez. He recorrido las instalaciones y cumplen con todas las condiciones. Por supuesto que tienes que embellecerlos un poco, as\u00ed como su entorno y pintar un poco, pero esta ciudad es el lugar perfecto para albergar estos Juegos. Con la alegr\u00eda y calidez de la gente y su experiencia en la celebraci\u00f3n de eventos deportivos, estamos seguros de que Cali tendr\u00e1 \u00e9xito en los Juegos Panamericanos Junior&#8221;, dijo el presidente Neven Ilic.<\/p>\n<p>Panam Sports tambi\u00e9n pudo conversar con el Gobernador del Valle del Cauca, Dilian Francisca Toro, quien estaba muy contento con la visita de los l\u00edderes de la Organizaci\u00f3n Paamericana del Deporte y confirm\u00f3 una vez m\u00e1s su compromiso con los Juegos de Cali 2021.<\/p>\n<p>&#8220;En 2021 se celebrar\u00e1n los Juegos Panamericanos Junior, pero al mismo tiempo celebraremos 50 a\u00f1os desde que se celebraron los Juegos Panamericanos en Cali y eso nos llena de satisfacci\u00f3n. Estamos muy contentos con esta visita de Panam Sports, y muy agradecidos a ellos por elegirnos, y estamos seguros de que se enamorar\u00e1n del Valle del Cauca&#8221;, dijo el gobernador Dilian Francisca Toro.<\/p>\n<p>El presidente Neven Ilic viaja este martes a la ciudad de Quibdo para inaugurar una instalaci\u00f3n multijudicial que fue financiada gracias a las contribuciones de Panam Sports y el Programa Olympamerica junto con recursos del Banco Internacional de Desarrollo (BID). La actividad es organizada por el Comit\u00e9 Ol\u00edmpico Colombiano que tambi\u00e9n dirige esta noble causa para llevar el desarrollo deportivo a una zona vulnerable de esta ciudad colombiana.<\/p>\n<p>El mi\u00e9rcoles, el presidente Neven Ilic se reunir\u00e1 con el presidente de Colombia, Iv\u00e1n Duque, en Bogot\u00e1.<\/p>\n","protected":false},"excerpt":{"rendered":"<p>El presidente del organismo, Neven Ilic,  pasar\u00e1 un total de 72 horas en su primera visita oficial a Cali, Colombia, junto con la Comisi\u00f3n de Coordinaci\u00f3n Deportiva Panam.<\/p>\n","protected":false},"author":13,"featured_media":61569,"comment_status":"closed","ping_status":"closed","sticky":false,"template":"","format":"standard","meta":[],"categories":[2,60],"tags":[],"acf":[],"_links":{"self":[{"href":"https:\/\/colimdo.org\/wp-api\/wp\/v2\/posts\/61568"}],"collection":[{"href":"https:\/\/colimdo.org\/wp-api\/wp\/v2\/posts"}],"about":[{"href":"https:\/\/colimdo.org\/wp-api\/wp\/v2\/types\/post"}],"author":[{"embeddable":true,"href":"https:\/\/colimdo.org\/wp-api\/wp\/v2\/users\/13"}],"replies":[{"embeddable":true,"href":"https:\/\/colimdo.org\/wp-api\/wp\/v2\/comments?post=61568"}],"version-history":[{"count":1,"href":"https:\/\/colimdo.org\/wp-api\/wp\/v2\/posts\/61568\/revisions"}],"predecessor-version":[{"id":61570,"href":"https:\/\/colimdo.org\/wp-api\/wp\/v2\/posts\/61568\/revisions\/61570"}],"wp:featuredmedia":[{"embeddable":true,"href":"https:\/\/colimdo.org\/wp-api\/wp\/v2\/media\/61569"}],"wp:attachment":[{"href":"https:\/\/colimdo.org\/wp-api\/wp\/v2\/media?parent=61568"}],"wp:term":[{"taxonomy":"category","embeddable":true,"href":"https:\/\/colimdo.org\/wp-api\/wp\/v2\/categories?post=61568"},{"taxonomy":"post_tag","embeddable":true,"href":"https:\/\/colimdo.org\/wp-api\/wp\/v2\/tags?post=61568"}],"curies":[{"name":"wp","href":"https:\/\/api.w.org\/{rel}","templated":true}]}}