{"id":61579,"date":"2019-10-01T19:01:51","date_gmt":"2019-10-01T19:01:51","guid":{"rendered":"https:\/\/colimdo.org\/?p=61579"},"modified":"2019-10-01T19:03:51","modified_gmt":"2019-10-01T19:03:51","slug":"emil-santos-la-mira-la-clasificacion-olimpica","status":"publish","type":"post","link":"https:\/\/colimdo.org\/noticias\/emil-santos-la-mira-la-clasificacion-olimpica\/","title":{"rendered":"Emil Santos: &#8220;Tengo en la mira la clasificaci\u00f3n ol\u00edmpica&#8221;"},"content":{"rendered":"<p><strong>SANTO DOMINGO, JORGE LUIS TORRES.-\u00a0<\/strong>El tenimesista dominicano Emil Santos tiene como meta buscar la clasificaci\u00f3n para los pr\u00f3ximos Juegos Ol\u00edmpicos que ser\u00e1n celebrados en Tokio del 24 de julio al 9 de agosto del siguiente a\u00f1o.<\/p>\n<p>El reci\u00e9n ganador de la medalla de bronce en los pasados Juegos Panamericanos de Lima 2019, mantiene junto a su equipo un arduo plan de trabajo para estar dentro de la lista de los que representar\u00e1n la Bandera tricolor en la m\u00e1xima justa ol\u00edmpica.<\/p>\n<p>&#8220;Estamos planificando lo que nos resta de este a\u00f1o, ya para el principio del siguiente tenemos en la mira lo que es la clasificaci\u00f3n ol\u00edmpica, es algo que me lo propuse desde hace mucho tiempo y esta vez vamos por ello, queremos estar all\u00e1 y representar nuestro pa\u00eds&#8221;, dijo Santos.<\/p>\n<p>&#8220;Yo siempre he sido muy cuidadoso con mi trabajo pero en esta ocasi\u00f3n dar\u00e9 mi mayor esfuerzo, quiero ir m\u00e1s all\u00e1 y mostrar\u00a0 todo lo que tengo, ese es mi objetivo y s\u00e9 que junto a mi equipo de trabajo lo lograremos&#8221;, a\u00f1adi\u00f3.<\/p>\n<p>En este mismo mes Santos retuvo la corona del cl\u00e1sico Rolling Fermin, consolid\u00e1ndose como principal figura del evento.<\/p>\n<p>El mismo mostr\u00f3 su gallard\u00eda en los pasados Juegos Panamericanos ganando la medalla de bronce en la modalidad de dobles masculinos jugando con el dominico-chino Jiaji Wu, quien tambi\u00e9n se colg\u00f3 la medalla de plata en la categor\u00eda de sencillos.<\/p>\n","protected":false},"excerpt":{"rendered":"<p>El reci\u00e9n ganador de la medalla de bronce en los pasados Juegos Panamericanos de Lima 2019, mantiene junto a su equipo un arduo plan de trabajo para estar dentro de la lista de los que representar\u00e1n la Bandera tricolor en la m\u00e1xima justa ol\u00edmpica.<\/p>\n","protected":false},"author":19,"featured_media":61583,"comment_status":"closed","ping_status":"closed","sticky":false,"template":"","format":"standard","meta":[],"categories":[2,60],"tags":[],"acf":[],"_links":{"self":[{"href":"https:\/\/colimdo.org\/wp-api\/wp\/v2\/posts\/61579"}],"collection":[{"href":"https:\/\/colimdo.org\/wp-api\/wp\/v2\/posts"}],"about":[{"href":"https:\/\/colimdo.org\/wp-api\/wp\/v2\/types\/post"}],"author":[{"embeddable":true,"href":"https:\/\/colimdo.org\/wp-api\/wp\/v2\/users\/19"}],"replies":[{"embeddable":true,"href":"https:\/\/colimdo.org\/wp-api\/wp\/v2\/comments?post=61579"}],"version-history":[{"count":2,"href":"https:\/\/colimdo.org\/wp-api\/wp\/v2\/posts\/61579\/revisions"}],"predecessor-version":[{"id":61588,"href":"https:\/\/colimdo.org\/wp-api\/wp\/v2\/posts\/61579\/revisions\/61588"}],"wp:featuredmedia":[{"embeddable":true,"href":"https:\/\/colimdo.org\/wp-api\/wp\/v2\/media\/61583"}],"wp:attachment":[{"href":"https:\/\/colimdo.org\/wp-api\/wp\/v2\/media?parent=61579"}],"wp:term":[{"taxonomy":"category","embeddable":true,"href":"https:\/\/colimdo.org\/wp-api\/wp\/v2\/categories?post=61579"},{"taxonomy":"post_tag","embeddable":true,"href":"https:\/\/colimdo.org\/wp-api\/wp\/v2\/tags?post=61579"}],"curies":[{"name":"wp","href":"https:\/\/api.w.org\/{rel}","templated":true}]}}