{"id":61598,"date":"2019-10-01T23:37:53","date_gmt":"2019-10-01T23:37:53","guid":{"rendered":"https:\/\/colimdo.org\/?p=61598"},"modified":"2019-10-01T23:37:53","modified_gmt":"2019-10-01T23:37:53","slug":"david-ortiz-podria-regresar-transmisiones-grandes-ligas","status":"publish","type":"post","link":"https:\/\/colimdo.org\/noticias\/david-ortiz-podria-regresar-transmisiones-grandes-ligas\/","title":{"rendered":"David Ortiz podr\u00eda regresar a transmisiones de Grandes Ligas"},"content":{"rendered":"<p><strong>DIARIO LIBRE.-<\/strong> El dominicano David Ortiz podr\u00eda regresar a las transmisiones de los partidos de Grandes Ligas por la Cadena Fox Sports como lo ha hecho en ocasiones anteriores.<\/p>\n<p>As\u00ed lo dej\u00f3 ver en una publicaci\u00f3n en su cuenta de Instagram este martes, donde se ve al dominicano en una foto junto a sus compa\u00f1eros en los juegos de postemporada el a\u00f1o pasado. David poco a poco se integra a la vida publica despu\u00e9s de ser herido de bala el pasado nueve de junio en un bar de Santo Domingo Este.<\/p>\n<p>El mismo comentar\u00e1 los partidos de las Grandes Ligas lo cual se volvi\u00f3 un atractivo para los fan\u00e1ticos de este deporte y del canal Fox Sports.<\/p>\n","protected":false},"excerpt":{"rendered":"<p>DIARIO LIBRE.- El dominicano David Ortiz podr\u00eda regresar a las transmisiones de los partidos de Grandes Ligas por la Cadena Fox Sports como lo ha hecho en ocasiones anteriores. As\u00ed lo dej\u00f3 ver en una publicaci\u00f3n en su cuenta de Instagram este martes, donde se ve al dominicano en una foto junto a sus compa\u00f1eros [&hellip;]<\/p>\n","protected":false},"author":19,"featured_media":61599,"comment_status":"closed","ping_status":"closed","sticky":false,"template":"","format":"standard","meta":[],"categories":[2,60],"tags":[],"acf":[],"_links":{"self":[{"href":"https:\/\/colimdo.org\/wp-api\/wp\/v2\/posts\/61598"}],"collection":[{"href":"https:\/\/colimdo.org\/wp-api\/wp\/v2\/posts"}],"about":[{"href":"https:\/\/colimdo.org\/wp-api\/wp\/v2\/types\/post"}],"author":[{"embeddable":true,"href":"https:\/\/colimdo.org\/wp-api\/wp\/v2\/users\/19"}],"replies":[{"embeddable":true,"href":"https:\/\/colimdo.org\/wp-api\/wp\/v2\/comments?post=61598"}],"version-history":[{"count":1,"href":"https:\/\/colimdo.org\/wp-api\/wp\/v2\/posts\/61598\/revisions"}],"predecessor-version":[{"id":61600,"href":"https:\/\/colimdo.org\/wp-api\/wp\/v2\/posts\/61598\/revisions\/61600"}],"wp:featuredmedia":[{"embeddable":true,"href":"https:\/\/colimdo.org\/wp-api\/wp\/v2\/media\/61599"}],"wp:attachment":[{"href":"https:\/\/colimdo.org\/wp-api\/wp\/v2\/media?parent=61598"}],"wp:term":[{"taxonomy":"category","embeddable":true,"href":"https:\/\/colimdo.org\/wp-api\/wp\/v2\/categories?post=61598"},{"taxonomy":"post_tag","embeddable":true,"href":"https:\/\/colimdo.org\/wp-api\/wp\/v2\/tags?post=61598"}],"curies":[{"name":"wp","href":"https:\/\/api.w.org\/{rel}","templated":true}]}}