{"id":61625,"date":"2019-10-02T18:47:00","date_gmt":"2019-10-02T18:47:00","guid":{"rendered":"https:\/\/colimdo.org\/?p=61625"},"modified":"2019-10-02T18:47:23","modified_gmt":"2019-10-02T18:47:23","slug":"barca-homenajea-al-fallecido-basquetbolista-chicho-sibilio","status":"publish","type":"post","link":"https:\/\/colimdo.org\/noticias\/barca-homenajea-al-fallecido-basquetbolista-chicho-sibilio\/","title":{"rendered":"El Bar\u00e7a homenajea al fallecido basquetbolista \u201cChicho\u201d Sibilio"},"content":{"rendered":"<p><strong>BARCELONA.<\/strong><strong> EFE. <\/strong>Antes del primer partido oficial de la temporada en el Palau Blaugrana ante el Baskonia, el Bar\u00e7a homenaje\u00f3 este domingo al dominicano C\u00e1ndido Antonio \u2018Chicho\u2019 Sibilio, exjugador de ambos clubes, que falleci\u00f3 el pasado 10 de agosto a la edad de 60 a\u00f1os.<\/p>\n<p>El club azulgrana organiz\u00f3 un acto de reconocimiento en el que se despleg\u00f3 un mosaico azulgrana con el mensaje \u2018Estimat Chicho\u2019 (\u2018Querido Chicho\u2019), se emiti\u00f3 un v\u00eddeo con algunos de los momentos m\u00e1s destacados de su carrera y representantes de ambos clubes entregaron placas conmemorativas a los dos hijos y al nieto del alero.<\/p>\n<p>Adem\u00e1s, el club azulgrana instal\u00f3 un espacio habilitado en uno de los accesos del Palau Blaugrana para que los aficionados escribieran mensajes en memoria del homenajeado.<\/p>\n<p>El partido empez\u00f3 con unos cinco minutos de demora, momento en el que el Palau Blaugrana se puso en pie para aplaudir a los familiares del homenajeado, que se situaron en el centro de la pista para recibir los recuerdos a manos de representantes de ambos clubes. Adem\u00e1s, poco antes del salto inicial, se guard\u00f3 un respetuoso minuto de silencio.<\/p>\n<p>Entre los asistentes, adem\u00e1s del presidente del Barcelona, Josep Maria Bartomeu, acudieron, entre otros, excompa\u00f1eros de\u00a0Sibilio\u00a0como Nacho Solozabal, Andr\u00e9s Jim\u00e9nez, Audie Norris y el exresponsable de la secci\u00f3n Salvador Alemany.<\/p>\n<p>Sibilio, alero de 2,00 metros que se nacionaliz\u00f3 espa\u00f1ol en 1977, desarroll\u00f3 la mayor parte de su carrera deportiva en las filas del Barcelona, donde estuvo entre 1976 y 1989.<\/p>\n<p>En su palmar\u00e9s destacan cinco t\u00edtulos de la Liga ACB (1981, 1983, 1987, 1988 y 1989), ocho de la Copa del Rey (1978, 1979, 1980, 1981, 1982, 1983, 1987 y 1988), una Copa Pr\u00edncipe de Asturias (1988), dos Recopas de Europa (1985 y 1986), una Copa Korac (1987) y un Mundial de Clubs (1985).<\/p>\n<p>Tras dejar el Bar\u00e7a, por desavenencias con el entrenador A\u00edto Garc\u00eda Reneses, se incorpor\u00f3 al Taugr\u00e9s de Vitoria, en el que jug\u00f3 entre 1989 y 1993, a\u00f1o en el que anunci\u00f3 su retirada como jugador en activo.<\/p>\n","protected":false},"excerpt":{"rendered":"<p>La distinci\u00f3n se llev\u00f3 a cabo antes del primer partido oficial de la temporada en el Palau Blaugrana ante el Baskonia el domingo.<\/p>\n","protected":false},"author":13,"featured_media":61626,"comment_status":"closed","ping_status":"closed","sticky":false,"template":"","format":"standard","meta":[],"categories":[2,60],"tags":[],"acf":[],"_links":{"self":[{"href":"https:\/\/colimdo.org\/wp-api\/wp\/v2\/posts\/61625"}],"collection":[{"href":"https:\/\/colimdo.org\/wp-api\/wp\/v2\/posts"}],"about":[{"href":"https:\/\/colimdo.org\/wp-api\/wp\/v2\/types\/post"}],"author":[{"embeddable":true,"href":"https:\/\/colimdo.org\/wp-api\/wp\/v2\/users\/13"}],"replies":[{"embeddable":true,"href":"https:\/\/colimdo.org\/wp-api\/wp\/v2\/comments?post=61625"}],"version-history":[{"count":1,"href":"https:\/\/colimdo.org\/wp-api\/wp\/v2\/posts\/61625\/revisions"}],"predecessor-version":[{"id":61627,"href":"https:\/\/colimdo.org\/wp-api\/wp\/v2\/posts\/61625\/revisions\/61627"}],"wp:featuredmedia":[{"embeddable":true,"href":"https:\/\/colimdo.org\/wp-api\/wp\/v2\/media\/61626"}],"wp:attachment":[{"href":"https:\/\/colimdo.org\/wp-api\/wp\/v2\/media?parent=61625"}],"wp:term":[{"taxonomy":"category","embeddable":true,"href":"https:\/\/colimdo.org\/wp-api\/wp\/v2\/categories?post=61625"},{"taxonomy":"post_tag","embeddable":true,"href":"https:\/\/colimdo.org\/wp-api\/wp\/v2\/tags?post=61625"}],"curies":[{"name":"wp","href":"https:\/\/api.w.org\/{rel}","templated":true}]}}