{"id":61636,"date":"2019-10-02T22:50:54","date_gmt":"2019-10-02T22:50:54","guid":{"rendered":"https:\/\/colimdo.org\/?p=61636"},"modified":"2019-10-02T22:50:54","modified_gmt":"2019-10-02T22:50:54","slug":"empresa-internacional-presenta-equipo-drift-rd","status":"publish","type":"post","link":"https:\/\/colimdo.org\/noticias\/empresa-internacional-presenta-equipo-drift-rd\/","title":{"rendered":"Empresa internacional presenta equipo drift RD"},"content":{"rendered":"<p>SANTO DOMINGO.- La firma de neum\u00e1ticos japon\u00e9s Falken lleg\u00f3 al pa\u00eds de la mano de la empresa automotriz OHTSU del Caribe en el 1992, present\u00f3 su equipo de drift integrado por los pilotos Juanchi Almonte, Rafael Adames y Yessi L\u00f3pez<\/p>\n<p>\u201cHoy queremos decir a la Rep\u00fablica Dominicana que creemos en el talento local y que como somos la marca l\u00edder en competencias drift a nivel mundial, vamos a apoyar el desarrollo de este deporte en el pa\u00eds\u201d, expres\u00f3 Carlos Burtell, gerente general de la empresa patrocinadora del equipo dominicano.<\/p>\n<p>Durante el anuncio, que se realiz\u00f3 en un hotel de la capital, y en el marco del Campeonato Dominicano de Drift 2019, se resalt\u00f3 el gran talento de los pilotos elegidos: Almonte, Adames y L\u00f3pez.<\/p>\n<p>Actualmente los pilotos ocupan los lugares 1,2 y 5 de la Serie.<\/p>\n<p>Juanchi Almonte inicia su carrera en el drift en el 2008 conquistando la segunda posici\u00f3n en la categor\u00eda B de la batalla drift RD-Puerto Rico.<\/p>\n<p>En el 2009 gana el segundo lugar en la Serie Dominico\u2013Boricua y queda tambi\u00e9n subcampe\u00f3n en el Brahma Light Drift Track de la Serie Dominicana de Drift.<\/p>\n<p>Yessi L\u00f3pez inici\u00f3 su carrera formal de competici\u00f3n en el 2012 y fue escalando hasta conquistar su primer p\u00f3dium en el 2017 con el 2do lugar de la Serie Dominicana de Drift. En el 2018 logra la m\u00e1xima victoria coron\u00e1ndose como campe\u00f3n 2018 de la Serie Dominicana de Drift.<\/p>\n<p>Rafael Adames empez\u00f3 a correr a finales del 2012 y desde entonces ha estado batallando en distintas series del drift tanto en Rep\u00fablica Dominicana como en Costa Rica y Puerto Rico. En la temporada 2018 de la Serie Dominicana de Drift qued\u00f3 en tercer lugar en el campeonato. Actualmente tambi\u00e9n est\u00e1 compitiendo en la temporada boricua 2019 PR Prodrift donde ocupa el 2do lugar en el campeonato.<\/p>\n","protected":false},"excerpt":{"rendered":"<p>Durante el anuncio, que se realiz\u00f3 en un hotel de la capital, y en el marco del Campeonato Dominicano de Drift 2019, se resalt\u00f3 el gran talento de los pilotos elegidos: Almonte, Adames y L\u00f3pez.<\/p>\n","protected":false},"author":19,"featured_media":61637,"comment_status":"closed","ping_status":"closed","sticky":false,"template":"","format":"standard","meta":[],"categories":[2,60],"tags":[],"acf":[],"_links":{"self":[{"href":"https:\/\/colimdo.org\/wp-api\/wp\/v2\/posts\/61636"}],"collection":[{"href":"https:\/\/colimdo.org\/wp-api\/wp\/v2\/posts"}],"about":[{"href":"https:\/\/colimdo.org\/wp-api\/wp\/v2\/types\/post"}],"author":[{"embeddable":true,"href":"https:\/\/colimdo.org\/wp-api\/wp\/v2\/users\/19"}],"replies":[{"embeddable":true,"href":"https:\/\/colimdo.org\/wp-api\/wp\/v2\/comments?post=61636"}],"version-history":[{"count":1,"href":"https:\/\/colimdo.org\/wp-api\/wp\/v2\/posts\/61636\/revisions"}],"predecessor-version":[{"id":61638,"href":"https:\/\/colimdo.org\/wp-api\/wp\/v2\/posts\/61636\/revisions\/61638"}],"wp:featuredmedia":[{"embeddable":true,"href":"https:\/\/colimdo.org\/wp-api\/wp\/v2\/media\/61637"}],"wp:attachment":[{"href":"https:\/\/colimdo.org\/wp-api\/wp\/v2\/media?parent=61636"}],"wp:term":[{"taxonomy":"category","embeddable":true,"href":"https:\/\/colimdo.org\/wp-api\/wp\/v2\/categories?post=61636"},{"taxonomy":"post_tag","embeddable":true,"href":"https:\/\/colimdo.org\/wp-api\/wp\/v2\/tags?post=61636"}],"curies":[{"name":"wp","href":"https:\/\/api.w.org\/{rel}","templated":true}]}}