{"id":61639,"date":"2019-10-02T23:02:39","date_gmt":"2019-10-02T23:02:39","guid":{"rendered":"https:\/\/colimdo.org\/?p=61639"},"modified":"2019-10-02T23:02:39","modified_gmt":"2019-10-02T23:02:39","slug":"eury-perez-no-jugara-esta-temporada-lesion","status":"publish","type":"post","link":"https:\/\/colimdo.org\/noticias\/eury-perez-no-jugara-esta-temporada-lesion\/","title":{"rendered":"Eury P\u00e9rez no jugar\u00e1 esta temporada por lesi\u00f3n"},"content":{"rendered":"<p>EL NUEVO DIARIO, GUERRA.- Una rotura parcial en el tend\u00f3n de Aqu\u00edles izquierdo impedir\u00e1 a Eury P\u00e9rez jugar la temporada 2019-2020 de la LIDOM, seg\u00fan inform\u00f3 este mi\u00e9rcoles la gerencia de Operaciones de los Leones del Escogido.<\/p>\n<p>El jardinero sufri\u00f3 la lesi\u00f3n en el entrenamiento del equipo el pasado lunes, mientras intentaba atrapar un rodado durante una pr\u00e1ctica de situaci\u00f3n de juego.<\/p>\n<p>El cuerpo m\u00e9dico del Escogido confirm\u00f3 que el pelotero de 29 a\u00f1os ser\u00e1 operado este jueves.<\/p>\n<p>P\u00e9rez se hab\u00eda reportado ese mismo d\u00eda al campamento de entrenamiento del Escogido, el cual se desarrolla en el complejo de los Rays de Tampa Bay.<\/p>\n<p>En el verano jug\u00f3 con los Guerreros de Oaxaca y Olmecas de Tabasco en la Liga Mexicana de B\u00e9isbol, donde bate\u00f3 .357 con un jonr\u00f3n, 15 impulsadas, .413 de porcentaje de envasarse y 9 dobles en 31 partidos.<\/p>\n<p>Con los Leones milita desde el torneo 2010-2011, destac\u00e1ndose mayormente en la pos-temporada. En 68 juegos de Round Rob\u00edn promedia .328 (201-66), mientras que en 13 partidos de serie final batea para .319 (47-15).<\/p>\n","protected":false},"excerpt":{"rendered":"<p>El jardinero sufri\u00f3 la lesi\u00f3n en el entrenamiento del equipo el pasado lunes, mientras intentaba atrapar un rodado durante una pr\u00e1ctica de situaci\u00f3n de juego.<\/p>\n","protected":false},"author":19,"featured_media":61640,"comment_status":"closed","ping_status":"closed","sticky":false,"template":"","format":"standard","meta":[],"categories":[2,60],"tags":[],"acf":[],"_links":{"self":[{"href":"https:\/\/colimdo.org\/wp-api\/wp\/v2\/posts\/61639"}],"collection":[{"href":"https:\/\/colimdo.org\/wp-api\/wp\/v2\/posts"}],"about":[{"href":"https:\/\/colimdo.org\/wp-api\/wp\/v2\/types\/post"}],"author":[{"embeddable":true,"href":"https:\/\/colimdo.org\/wp-api\/wp\/v2\/users\/19"}],"replies":[{"embeddable":true,"href":"https:\/\/colimdo.org\/wp-api\/wp\/v2\/comments?post=61639"}],"version-history":[{"count":1,"href":"https:\/\/colimdo.org\/wp-api\/wp\/v2\/posts\/61639\/revisions"}],"predecessor-version":[{"id":61641,"href":"https:\/\/colimdo.org\/wp-api\/wp\/v2\/posts\/61639\/revisions\/61641"}],"wp:featuredmedia":[{"embeddable":true,"href":"https:\/\/colimdo.org\/wp-api\/wp\/v2\/media\/61640"}],"wp:attachment":[{"href":"https:\/\/colimdo.org\/wp-api\/wp\/v2\/media?parent=61639"}],"wp:term":[{"taxonomy":"category","embeddable":true,"href":"https:\/\/colimdo.org\/wp-api\/wp\/v2\/categories?post=61639"},{"taxonomy":"post_tag","embeddable":true,"href":"https:\/\/colimdo.org\/wp-api\/wp\/v2\/tags?post=61639"}],"curies":[{"name":"wp","href":"https:\/\/api.w.org\/{rel}","templated":true}]}}