{"id":61662,"date":"2019-10-03T17:56:18","date_gmt":"2019-10-03T17:56:18","guid":{"rendered":"https:\/\/colimdo.org\/?p=61662"},"modified":"2019-10-03T17:56:24","modified_gmt":"2019-10-03T17:56:24","slug":"direccion-tecnica-del-cod-inicia-judo-programa-hacia-tokio","status":"publish","type":"post","link":"https:\/\/colimdo.org\/noticias\/direccion-tecnica-del-cod-inicia-judo-programa-hacia-tokio\/","title":{"rendered":"Direcci\u00f3n t\u00e9cnica del COD inicia con judo programa hacia Tokio"},"content":{"rendered":"<p><strong>SANTO DOMINGO<\/strong>. Con el encuentro con la selecci\u00f3n de judo, la direcci\u00f3n t\u00e9cnica del Comit\u00e9 Ol\u00edmpico Dominicano (COD) dio inicio al programa de acompa\u00f1amiento al grueso de atletas que est\u00e1n en ruta a la clasificaci\u00f3n hacia los Juegos Ol\u00edmpicos que tendr\u00e1n lugar en Tokio, Jap\u00f3n, en el 2020.<\/p>\n<p>El equipo t\u00e9cnico del COD, encabezado por su director, el profesor Juan Febles Dalmas\u00ed, manifest\u00f3 que el objetivo del acompa\u00f1amiento a los deportistas es dar seguimiento al programa de trabajo y preparaci\u00f3n que se lleva a cabo en los distintos lugares de entrenamiento.<\/p>\n<p>\u201cEl judo ha venido haciendo un encomiable trabajo en los diferentes eventos del ciclo ol\u00edmpico. El objetivo es que lleguen a Tokio con el mismo empuje y motivaci\u00f3n\u201d, se\u00f1al\u00f3 Febles, al dirigirse a los atletas y directivos del judo.<\/p>\n<p>En el encuentro, los directivos t\u00e9cnicos fueron recibidos por el presidente de la Federaci\u00f3n Dominicana de Judo (Fedojudo), Gilberto Garc\u00eda, as\u00ed como Leidi Germ\u00e1n, directora t\u00e9cnica, y Luisa Mart\u00ednez, secrtaria general.<\/p>\n<p>Adrienne Portes, enlace de la direcci\u00f3n t\u00e9cnica del COD con la federaci\u00f3n de judo, resalt\u00f3 el crecimiento de este deporte y el trabajo que viene realizando para estar presente en los Juegos Ol\u00edmpicos de Tokio.<\/p>\n<p>En el encuentro, Wilkin Ogando, director de entrenadores de la Fedojudo, calific\u00f3 de positiva la iniciativa de las visitas de la direcci\u00f3n t\u00e9cnica y se\u00f1al\u00f3 que se est\u00e1 trabajando para el judo logre sus metas.<\/p>\n<p>Ogando indic\u00f3 que Robert Florentino, en menos 90 kilos, tiene la clasificaci\u00f3n continental para Tokio, mientras que Medickson del Orbe, en menos 81 kilos; Lewis Medina, en 100 kilos; Wander Mateo, en menos 66 kilos; Ana Rosa, en menos 57 kilos, y Estefan\u00eda Soriano, en menos 48 kilos, est\u00e1n en carrera por la clasificaci\u00f3n.<\/p>\n<p>Para este a\u00f1o, los judocas continuar\u00e1n buscando puntos en tres eventos clasificatorios, y para el pr\u00f3ximo a\u00f1o habr\u00e1 cinco eventos m\u00e1s que han de concluir en la \u00faltima semana de mayo, tiempo en que se conocer\u00e1n todos los atletas clasificados.<\/p>\n<p>El cuerpo de entrenadores est\u00e1 integrado adem\u00e1s por Juan Carlos Jacinto, as\u00ed como los cubanos Esteban Lazo y Jostier Tellez.<\/p>\n","protected":false},"excerpt":{"rendered":"<p>El programa busca darles seguimiento a los atletas que est\u00e1n en ruta a la clasificaci\u00f3n a los Juegos Ol\u00edmpicos de Tokio 2020.<\/p>\n","protected":false},"author":13,"featured_media":61663,"comment_status":"closed","ping_status":"closed","sticky":false,"template":"","format":"standard","meta":[],"categories":[2,60],"tags":[],"acf":[],"_links":{"self":[{"href":"https:\/\/colimdo.org\/wp-api\/wp\/v2\/posts\/61662"}],"collection":[{"href":"https:\/\/colimdo.org\/wp-api\/wp\/v2\/posts"}],"about":[{"href":"https:\/\/colimdo.org\/wp-api\/wp\/v2\/types\/post"}],"author":[{"embeddable":true,"href":"https:\/\/colimdo.org\/wp-api\/wp\/v2\/users\/13"}],"replies":[{"embeddable":true,"href":"https:\/\/colimdo.org\/wp-api\/wp\/v2\/comments?post=61662"}],"version-history":[{"count":1,"href":"https:\/\/colimdo.org\/wp-api\/wp\/v2\/posts\/61662\/revisions"}],"predecessor-version":[{"id":61664,"href":"https:\/\/colimdo.org\/wp-api\/wp\/v2\/posts\/61662\/revisions\/61664"}],"wp:featuredmedia":[{"embeddable":true,"href":"https:\/\/colimdo.org\/wp-api\/wp\/v2\/media\/61663"}],"wp:attachment":[{"href":"https:\/\/colimdo.org\/wp-api\/wp\/v2\/media?parent=61662"}],"wp:term":[{"taxonomy":"category","embeddable":true,"href":"https:\/\/colimdo.org\/wp-api\/wp\/v2\/categories?post=61662"},{"taxonomy":"post_tag","embeddable":true,"href":"https:\/\/colimdo.org\/wp-api\/wp\/v2\/tags?post=61662"}],"curies":[{"name":"wp","href":"https:\/\/api.w.org\/{rel}","templated":true}]}}