{"id":61665,"date":"2019-10-03T18:03:55","date_gmt":"2019-10-03T18:03:55","guid":{"rendered":"https:\/\/colimdo.org\/?p=61665"},"modified":"2019-10-03T18:03:55","modified_gmt":"2019-10-03T18:03:55","slug":"emotivo-homenaje-medallista-paralimpico-robert-jimenez","status":"publish","type":"post","link":"https:\/\/colimdo.org\/noticias\/emotivo-homenaje-medallista-paralimpico-robert-jimenez\/","title":{"rendered":"Emotivo homenaje a medallista Paral\u00edmpico Robert Jim\u00e9nez"},"content":{"rendered":"<p>SANTO DOMINGO.- El atleta Robert Jim\u00e9nez celebr\u00f3 con l\u00e1grimas un emotivo homenaje que le fue rendido la ma\u00f1ana de este jueves con el develizamiento de una fotograf\u00eda que rememora la medalla de oro obtenida en los Juegos Paral\u00edmpicos de Atlanta en el a\u00f1o 1996.<\/p>\n<p>Jim\u00e9nez, ganador de la primera medalla de oro en un evento de esta envergadura, logr\u00f3 la presea en los 200 metros planos, categor\u00eda T-12 de invidentes.<\/p>\n<p>Durante el acto de descubrir la foto instalada en el pasillo principal de la sede del Comit\u00e9 Ol\u00edmpico Dominicano, Jim\u00e9nez rememor\u00f3 el emocionante momento que vivi\u00f3 durante su participaci\u00f3n en esa cita deportiva y que culmin\u00f3 colg\u00e1ndose la presea dorada en esos Juegos Paral\u00edmpicos.<\/p>\n<p>\u201cEscuchar sonar el himno de la Rep\u00fablica Dominicana, fue como agradecer a Dios por lo que nos ha dado como dominicanos\u201d, rememora Jim\u00e9nez sobre aquel momento que vivi\u00f3 al recibir la medalla de oro y posteriormente escuchar el himno dominicano.<\/p>\n<p>Cuenta con orgullo de aquella \u201cmaravillosa carrera\u201d en la que termin\u00f3 no s\u00f3lo ganando el primer lugar (oro), sino que estableci\u00f3 record al cruzar la meta en un tiempo de 22:37 segundos, a pesar de que compiti\u00f3 con un limitaci\u00f3n en la categor\u00eda invidente debido a una miop\u00eda que le ha resultado en una disminuci\u00f3n de su visi\u00f3n en m\u00e1s de un 50 por ciento.<\/p>\n<p>Con l\u00e1grimas en sus ojos, Jim\u00e9nez, quien estuvo acompa\u00f1ado de su esposa Miriam Peralta de Jim\u00e9nez y Eladio Agramonte, presidente del Comit\u00e9 Paral\u00edmpico Dominicano, record\u00f3 el trabajo que hicieron con \u00e9l Virginia Vicioso y Crist\u00f3bal de Le\u00f3n, ambos fallecidos, quienes lo entrenaron y motivaron para superar las numerosas dificultades de la \u00e9poca.<\/p>\n<p>En la actividad tambi\u00e9n habl\u00f3 Luis Mej\u00eda, presidente del Comit\u00e9 Ol\u00edmpico Dominicano, quien destac\u00f3 la proeza alcanzada por Jim\u00e9nez.<\/p>\n<p>\u201cEste es un momento simb\u00f3lico en el que hemos querido recoger la historia de Jim\u00e9nez\u201d, expres\u00f3 Mej\u00eda al destacar la importancia de dejar registrados las haza\u00f1as alcanzadas por los deportistas dominicanos.<\/p>\n<p>Destac\u00f3 el valor de la medalla alcanzada por Jim\u00e9nez en esos Juegos Paral\u00edmpico de Atlanta y anunci\u00f3 la realizaci\u00f3n de un documental para recoger esa proeza. Adem\u00e1s, Jim\u00e9nez ser\u00e1 una de las figuras centrales de la pr\u00f3xima Gala Ol\u00edmpica que tendr\u00e1 lugar en febrero del pr\u00f3ximo a\u00f1o.<\/p>\n<p>Al hablar de la fotograf\u00eda develizada, Mej\u00eda dijo que es una acci\u00f3n para que quede un recuerdo visual a los dirigentes, entrenadores y atletas del movimiento deportivo dominicano, as\u00ed como la sociedad en general. \u201cQueremos sazonar, saborear esta medallas\u201d, a pesar de haber transcurridos 23 a\u00f1os de esa proeza.<\/p>\n<p>En la actividad tambi\u00e9n estuvieron, adem\u00e1s de Mej\u00eda, Hern\u00e1ndez, Peralta y Jim\u00e9nez, los se\u00f1ores \u00a0Marciel Leguizam\u00f3n, directora administrativa del COD, as\u00ed como Miguel Rivera, encargado de deporte federado, tambi\u00e9n el invidente Cristian P\u00e9rez, entre otras personalidades.<\/p>\n","protected":false},"excerpt":{"rendered":"<p>El acto se llev\u00f3 a cabo en el COD con motivo de la medalla de oro que obtuvo el atleta en los Juegos Paral\u00edmpicos celebrados en Atlanta en 1996.<\/p>\n","protected":false},"author":13,"featured_media":61666,"comment_status":"closed","ping_status":"closed","sticky":false,"template":"","format":"standard","meta":[],"categories":[2,60],"tags":[],"acf":[],"_links":{"self":[{"href":"https:\/\/colimdo.org\/wp-api\/wp\/v2\/posts\/61665"}],"collection":[{"href":"https:\/\/colimdo.org\/wp-api\/wp\/v2\/posts"}],"about":[{"href":"https:\/\/colimdo.org\/wp-api\/wp\/v2\/types\/post"}],"author":[{"embeddable":true,"href":"https:\/\/colimdo.org\/wp-api\/wp\/v2\/users\/13"}],"replies":[{"embeddable":true,"href":"https:\/\/colimdo.org\/wp-api\/wp\/v2\/comments?post=61665"}],"version-history":[{"count":1,"href":"https:\/\/colimdo.org\/wp-api\/wp\/v2\/posts\/61665\/revisions"}],"predecessor-version":[{"id":61667,"href":"https:\/\/colimdo.org\/wp-api\/wp\/v2\/posts\/61665\/revisions\/61667"}],"wp:featuredmedia":[{"embeddable":true,"href":"https:\/\/colimdo.org\/wp-api\/wp\/v2\/media\/61666"}],"wp:attachment":[{"href":"https:\/\/colimdo.org\/wp-api\/wp\/v2\/media?parent=61665"}],"wp:term":[{"taxonomy":"category","embeddable":true,"href":"https:\/\/colimdo.org\/wp-api\/wp\/v2\/categories?post=61665"},{"taxonomy":"post_tag","embeddable":true,"href":"https:\/\/colimdo.org\/wp-api\/wp\/v2\/tags?post=61665"}],"curies":[{"name":"wp","href":"https:\/\/api.w.org\/{rel}","templated":true}]}}