{"id":61671,"date":"2019-10-03T22:13:41","date_gmt":"2019-10-03T22:13:41","guid":{"rendered":"https:\/\/colimdo.org\/?p=61671"},"modified":"2019-10-03T22:13:41","modified_gmt":"2019-10-03T22:13:41","slug":"carlos-paulino-dice-meta-ayudar-los-gigantes-del-cibao","status":"publish","type":"post","link":"https:\/\/colimdo.org\/noticias\/carlos-paulino-dice-meta-ayudar-los-gigantes-del-cibao\/","title":{"rendered":"Carlos Paulino dice su meta es ayudar a los Gigantes del Cibao"},"content":{"rendered":"<p>EL NUEVO DIARIO, San Francisco de Macor\u00eds.\u2013 Cuando le preguntaron a Carlos Paulino si se sent\u00eda preparado para la pr\u00f3xima temporada, su respuesta fue muy clara y firme: \u201cestoy muy bien, me siento listo para regresar al terreno para la pr\u00f3xima temporada\u201d<\/p>\n<p>Paulino se report\u00f3 en la primera semana de entrenamientos y de inmediato inici\u00f3 sus trabajos de preparaci\u00f3n con una meta muy clara, ayudar al equipo desde el principio de la temporada.<\/p>\n<p>\u201cComo siempre todos los a\u00f1os estamos temprano en las practicas del equipo con una meta muy clara y es la de ayudar al equipo\u201d, expres\u00f3 Paulino<\/p>\n<p>Con relaci\u00f3n a no jugar durante el verano<\/p>\n<p>Cuando le preguntaron sobre su mentalidad luego de no haber jugado en ning\u00fan torneo importante durante el verano 2019, Paulino se mostr\u00f3 confiado en las cosas que puede hacer en el terreno y explic\u00f3 que necesitaba quedarse tranquilo y preparase mentalmente.<\/p>\n<p>\u201cYo tuve la opci\u00f3n de ir a la liga independiente, pero no acept\u00e9, pensaba que necesitaba descanso mental y no quer\u00eda entrar a un estadio hasta que no me sintiera bien en ese sentido, ya que me pasaron muchas cosas durante este tiempo\u201d, detall\u00f3.<\/p>\n<p>El c\u00e1tcher de las \u00faltimas siete temporadas de los Gigantes del Cibao manifest\u00f3 que estar\u00e1 listo para volver a un terreno de juego cuando empiece la temporada el pr\u00f3ximo 12 de octubre y que despu\u00e9s seguir\u00e1 jugando en otra liga internacional, ya que se siente en perfectas condiciones f\u00edsicas y mental.<\/p>\n<p>Con los Gigantes<\/p>\n<p>Desde el 2011 cuando debut\u00f3 ha participado en siete temporadas donde ha jugado en 196 partidos, despachando 129 imparables, entre ellos 17 dobles, dos triples y 13 cuadrangulares.<\/p>\n<p>Tambi\u00e9n ha remolcado 54 carreras, anotando en 61 ocasiones con cinco robos y promedio de bateo en .223, adem\u00e1s su OBP es de .282.<\/p>\n","protected":false},"excerpt":{"rendered":"<p>Paulino se report\u00f3 en la primera semana de entrenamientos y de inmediato inici\u00f3 sus trabajos de preparaci\u00f3n con una meta muy clara, ayudar al equipo desde el principio de la temporada.<\/p>\n","protected":false},"author":19,"featured_media":61672,"comment_status":"closed","ping_status":"closed","sticky":false,"template":"","format":"standard","meta":[],"categories":[2,60],"tags":[],"acf":[],"_links":{"self":[{"href":"https:\/\/colimdo.org\/wp-api\/wp\/v2\/posts\/61671"}],"collection":[{"href":"https:\/\/colimdo.org\/wp-api\/wp\/v2\/posts"}],"about":[{"href":"https:\/\/colimdo.org\/wp-api\/wp\/v2\/types\/post"}],"author":[{"embeddable":true,"href":"https:\/\/colimdo.org\/wp-api\/wp\/v2\/users\/19"}],"replies":[{"embeddable":true,"href":"https:\/\/colimdo.org\/wp-api\/wp\/v2\/comments?post=61671"}],"version-history":[{"count":1,"href":"https:\/\/colimdo.org\/wp-api\/wp\/v2\/posts\/61671\/revisions"}],"predecessor-version":[{"id":61673,"href":"https:\/\/colimdo.org\/wp-api\/wp\/v2\/posts\/61671\/revisions\/61673"}],"wp:featuredmedia":[{"embeddable":true,"href":"https:\/\/colimdo.org\/wp-api\/wp\/v2\/media\/61672"}],"wp:attachment":[{"href":"https:\/\/colimdo.org\/wp-api\/wp\/v2\/media?parent=61671"}],"wp:term":[{"taxonomy":"category","embeddable":true,"href":"https:\/\/colimdo.org\/wp-api\/wp\/v2\/categories?post=61671"},{"taxonomy":"post_tag","embeddable":true,"href":"https:\/\/colimdo.org\/wp-api\/wp\/v2\/tags?post=61671"}],"curies":[{"name":"wp","href":"https:\/\/api.w.org\/{rel}","templated":true}]}}