{"id":61704,"date":"2019-10-04T15:28:38","date_gmt":"2019-10-04T15:28:38","guid":{"rendered":"https:\/\/colimdo.org\/?p=61704"},"modified":"2019-10-04T17:30:14","modified_gmt":"2019-10-04T17:30:14","slug":"robert-jimenez-llega-tiempo","status":"publish","type":"post","link":"https:\/\/colimdo.org\/noticias\/robert-jimenez-llega-tiempo\/","title":{"rendered":"Robert Jim\u00e9nez: \u201cTodo llega a su tiempo\u201d"},"content":{"rendered":"<p><b><span data-contrast=\"auto\"> SANTO DOMINGO, JORGE LUIS TORRES.-\u00a0<\/span><\/b><span data-contrast=\"auto\"> El Comit\u00e9 Ol\u00edmpico Dominicano realiz\u00f3 este jueves la presentaci\u00f3n de una fotograf\u00eda <\/span><span data-contrast=\"auto\">del<\/span><span data-contrast=\"auto\"> medallista Paral\u00edmpico, Robert Jim\u00e9nez, con motivo de revivir la historia de la primera presea Paral\u00edmpica para la Rep\u00fablica Dominicana, lograda en el a\u00f1o 1996 en\u00a0 los 200 metros planos en la categor\u00eda T-12 de invidentes. <\/span><span data-ccp-props=\"{&quot;201341983&quot;:0,&quot;335559739&quot;:160,&quot;335559740&quot;:259}\"><br \/>\n<\/span><\/p>\n<p><span data-contrast=\"auto\">\u201cTodo llega a su tiempo\u201d, fueron las primeras palabras que pronunci\u00f3 el homenajeado atleta tras verse colgado en una de las paredes de la\u00a0<\/span><span data-contrast=\"auto\"> sede <\/span><span data-contrast=\"auto\">del Comit\u00e9 Ol\u00edmpico Dominicano, al lado de grandes figuras como Yudelkis Contreras y Gabriel Mercedes.\u00a0<\/span><span data-ccp-props=\"{&quot;201341983&quot;:0,&quot;335559739&quot;:160,&quot;335559740&quot;:259}\">\u00a0<\/span><\/p>\n<p><span data-contrast=\"auto\">\u201cEstoy muy agradecido por las cosas que est\u00e1n pasando en este momento, gracias al licenciado Luis Mej\u00eda Oviedo y a todo su equipo de trabajo esta historia que estaba dormida hoy despierta y tiene un nuevo amanecer, este tipo de actos son los que incentivan a nuestros atletas y les dice si se puede\u201d, a\u00f1adi\u00f3.<\/span><span data-ccp-props=\"{&quot;201341983&quot;:0,&quot;335559739&quot;:160,&quot;335559740&quot;:259}\">\u00a0<\/span><\/p>\n<p>Jim\u00e9nez estuvo acompa\u00f1ado de su esposa Miriam Peralta, a quien le dio las gracias por el gran apoyo que le otorg\u00f3 al atleta en los a\u00f1os m\u00e1s dif\u00edciles de su carrera.<\/p>\n<p>&#8220;Ella es una de las personas que hizo que esto sea posible, a ella le debo gran parte de mi carrera. Recuerdo cuando estaba corriendo en el Parque del Este y estaba cansado que ya no pod\u00eda m\u00e1s y ella era quien me empujaba y me dec\u00eda que siguiera adelante. En momentos de lesiones era quien me sosten\u00eda y en ocasiones me llev\u00f3 al m\u00e9dico, es una ganadora al igual que yo&#8221;, expres\u00f3.<\/p>\n<p><span data-contrast=\"auto\">En ese mismo, el organismo anunci\u00f3 otras actividades rememorativas en nombre del ex gimnasta Robert Jim\u00e9nez, adem\u00e1s del <\/span><span data-contrast=\"auto\">develizamiento<\/span><span data-contrast=\"auto\"> el COD honrar\u00e1 el nombre de Robert Jim\u00e9nez con un documental que mostrar\u00e1 como \u00e9sta valorada medalla fue lograda y ser\u00e1 presentado en la celebraci\u00f3n de la Gran Gala Ol\u00edmpica del a\u00f1o 2020. <\/span><span data-ccp-props=\"{&quot;201341983&quot;:0,&quot;335559739&quot;:160,&quot;335559740&quot;:259}\">\u00a0<\/span><\/p>\n<p>&nbsp;<\/p>\n<p><span data-ccp-props=\"{&quot;201341983&quot;:0,&quot;335559739&quot;:160,&quot;335559740&quot;:259}\">\u00a0<\/span><\/p>\n","protected":false},"excerpt":{"rendered":"<p>El Comit\u00e9 Ol\u00edmpico Dominicano realiz\u00f3 este jueves la presentaci\u00f3n de una fotograf\u00eda del ex atleta Paral\u00edmpico, Robert Jim\u00e9nez, con motivo de revivir la historia del primer medallista en unos de tal importancia de la Rep\u00fablica Dominicana, presea lograda en el 1996 en los Juegos Paral\u00edmpicos de Atlanta, en los 200 metros planos en la categor\u00eda T-12 de invidentes.  <\/p>\n","protected":false},"author":19,"featured_media":61710,"comment_status":"closed","ping_status":"closed","sticky":false,"template":"","format":"standard","meta":[],"categories":[2,60],"tags":[],"acf":[],"_links":{"self":[{"href":"https:\/\/colimdo.org\/wp-api\/wp\/v2\/posts\/61704"}],"collection":[{"href":"https:\/\/colimdo.org\/wp-api\/wp\/v2\/posts"}],"about":[{"href":"https:\/\/colimdo.org\/wp-api\/wp\/v2\/types\/post"}],"author":[{"embeddable":true,"href":"https:\/\/colimdo.org\/wp-api\/wp\/v2\/users\/19"}],"replies":[{"embeddable":true,"href":"https:\/\/colimdo.org\/wp-api\/wp\/v2\/comments?post=61704"}],"version-history":[{"count":2,"href":"https:\/\/colimdo.org\/wp-api\/wp\/v2\/posts\/61704\/revisions"}],"predecessor-version":[{"id":61717,"href":"https:\/\/colimdo.org\/wp-api\/wp\/v2\/posts\/61704\/revisions\/61717"}],"wp:featuredmedia":[{"embeddable":true,"href":"https:\/\/colimdo.org\/wp-api\/wp\/v2\/media\/61710"}],"wp:attachment":[{"href":"https:\/\/colimdo.org\/wp-api\/wp\/v2\/media?parent=61704"}],"wp:term":[{"taxonomy":"category","embeddable":true,"href":"https:\/\/colimdo.org\/wp-api\/wp\/v2\/categories?post=61704"},{"taxonomy":"post_tag","embeddable":true,"href":"https:\/\/colimdo.org\/wp-api\/wp\/v2\/tags?post=61704"}],"curies":[{"name":"wp","href":"https:\/\/api.w.org\/{rel}","templated":true}]}}