{"id":61708,"date":"2019-10-04T15:28:03","date_gmt":"2019-10-04T15:28:03","guid":{"rendered":"https:\/\/colimdo.org\/?p=61708"},"modified":"2019-10-04T15:28:09","modified_gmt":"2019-10-04T15:28:09","slug":"rafael-uribe-integra-comision-competicion-la-fiba","status":"publish","type":"post","link":"https:\/\/colimdo.org\/noticias\/rafael-uribe-integra-comision-competicion-la-fiba\/","title":{"rendered":"Rafael Uribe integra comisi\u00f3n de competici\u00f3n de la FIBA"},"content":{"rendered":"<p><strong>SANTO DOMINGO.<\/strong> El ingeniero Rafael Uribe, presidente de la Federaci\u00f3n Dominicana de Baloncesto (FEDOMBAL), forma parte de la Comisi\u00f3n de Competiciones\u00a0de la Federaci\u00f3n Internacional de Baloncesto Asociado (FIBA), para el periodo 2019-2023, entidad que preside el presidente de la Federaci\u00f3n Espa\u00f1ola de Baloncesto, Jorge Garbajosa.<\/p>\n<p>La informaci\u00f3n fue dada a conocer por la entidad internacional por nota de prensa en la ma\u00f1ana de este viernes.<\/p>\n<p>Esta comisi\u00f3n se encarga de analizar todas las cuestiones relativas a las competiciones de Selecciones, de clubes y de categor\u00edas de formaci\u00f3n, tanto masculinas como femeninas, y elevar sus conclusiones al Bur\u00f3 Central.<\/p>\n<p>Uribe, presidente de\u00a0FEDOMBAL, ha sido designado para hacer tales trabajos con las selecciones dominicanas, en la divisi\u00f3n de Selecciones Nacionales.<\/p>\n<p>El presidente de\u00a0FEDOMBAL, tambi\u00e9n es miembro del bur\u00f3\u00a0de\u00a0FIBA Am\u00e9ricas\u00a0para el periodo 2019-2023, confirmado en la Asamblea Extraordinaria de la instituci\u00f3n en el pasado mes de junio, y previo al inicio de la Copa del Mundo en China, fue reconocido con el\u00a0Premio Presidentes 2019\u00a0para las Am\u00e9ricas, como el mejor presidente federativo del Continente por\u00a0FIBA.<\/p>\n<p>La divisi\u00f3n de selecciones nacionales de la Comisi\u00f3n de Competiciones de\u00a0FIBA\u00a0que preside Jorge Garbajosa, cuenta con ocho miembros m\u00e1s, entre ellos: Yann Barbitch de Francia; Ali Benzarti de T\u00fanez; Wolfgang Brenscheidt de Alemania; Edward John Coten de Australia; Kenta Kawashima de Jap\u00f3n; Dejan Tomasevic de Serbia; James Michael Tooley de Estados Unidos; y Xu Lan de China.<\/p>\n","protected":false},"excerpt":{"rendered":"<p>El presidente de la Federaci\u00f3n Dominicana de Baloncesto desempe\u00f1ar\u00e1 esas funciones para el per\u00edodo 2019-2023.<\/p>\n","protected":false},"author":13,"featured_media":61709,"comment_status":"closed","ping_status":"closed","sticky":false,"template":"","format":"standard","meta":[],"categories":[2,60],"tags":[],"acf":[],"_links":{"self":[{"href":"https:\/\/colimdo.org\/wp-api\/wp\/v2\/posts\/61708"}],"collection":[{"href":"https:\/\/colimdo.org\/wp-api\/wp\/v2\/posts"}],"about":[{"href":"https:\/\/colimdo.org\/wp-api\/wp\/v2\/types\/post"}],"author":[{"embeddable":true,"href":"https:\/\/colimdo.org\/wp-api\/wp\/v2\/users\/13"}],"replies":[{"embeddable":true,"href":"https:\/\/colimdo.org\/wp-api\/wp\/v2\/comments?post=61708"}],"version-history":[{"count":1,"href":"https:\/\/colimdo.org\/wp-api\/wp\/v2\/posts\/61708\/revisions"}],"predecessor-version":[{"id":61711,"href":"https:\/\/colimdo.org\/wp-api\/wp\/v2\/posts\/61708\/revisions\/61711"}],"wp:featuredmedia":[{"embeddable":true,"href":"https:\/\/colimdo.org\/wp-api\/wp\/v2\/media\/61709"}],"wp:attachment":[{"href":"https:\/\/colimdo.org\/wp-api\/wp\/v2\/media?parent=61708"}],"wp:term":[{"taxonomy":"category","embeddable":true,"href":"https:\/\/colimdo.org\/wp-api\/wp\/v2\/categories?post=61708"},{"taxonomy":"post_tag","embeddable":true,"href":"https:\/\/colimdo.org\/wp-api\/wp\/v2\/tags?post=61708"}],"curies":[{"name":"wp","href":"https:\/\/api.w.org\/{rel}","templated":true}]}}