{"id":61713,"date":"2019-10-04T15:20:52","date_gmt":"2019-10-04T15:20:52","guid":{"rendered":"https:\/\/colimdo.org\/?p=61713"},"modified":"2019-10-04T15:35:45","modified_gmt":"2019-10-04T15:35:45","slug":"yamilet-pena-salva-produnova-se-cae-barra","status":"publish","type":"post","link":"https:\/\/colimdo.org\/noticias\/yamilet-pena-salva-produnova-se-cae-barra\/","title":{"rendered":"Yamilet Pe\u00f1a salva su \u2018produnova\u2019 pero se cae en barra"},"content":{"rendered":"<p>&nbsp;<\/p>\n<p>Madrid.- La dominicana Yamilet Pe\u00f1a dio al p\u00fablico del pabell\u00f3n Hanns Martin Schleyer de Stuttgart la primera alegr\u00eda de los Mundiales de gimnasia art\u00edstica al abrir la competici\u00f3n con un \u2018produnova\u2019, el salto m\u00e1s dif\u00edcil del c\u00f3digo, solo al alcance de un par de gimnastas m\u00e1s, aunque el resto del programa no le fue tan favorable.<\/p>\n<p>Pe\u00f1a, una de las veteranas (26 a\u00f1os) del circuito que se resiste a retirarse, acab\u00f3 su \u2018produnova\u2019 en pie, m\u00e9rito suficiente para un ejercicio en el que la saltadora debe hacer tres mortales completos.<\/p>\n<p>Sin una ejecuci\u00f3n perfecta, pero m\u00e1s que correcta, su valent\u00eda le depar\u00f3 a Pe\u00f1a 14,433 puntos que finalmente subieron al marcador, porque en su segundo intento, un \u2018yurchenko\u2019 con doble giro, se cay\u00f3 y tuvo que bajar de la tarima con ayuda de su t\u00e9cnico (12,566 puntos).<\/p>\n<p>Solo las gimnastas que aspiran a entrar en la final de salto, como es el caso de Pe\u00f1a, pueden hacer dos intentos de salto en la ronda de clasificaci\u00f3n de los Mundiales, que comenzaron en la ma\u00f1ana de este viernes en Stuttgart (Alemania).<\/p>\n<p>La campeona centroamericana y del Caribe se repuso de la ca\u00edda y sum\u00f3 luego 11,566 puntos en asim\u00e9tricas. Pero volvi\u00f3 a caerse en la barra de equilibrios y no pudo finalizar el ejercicio.<\/p>\n<p>Recibi\u00f3 solo 1,191 puntos y dijo adi\u00f3s al concurso general. No hizo suelo, aparato en el que sali\u00f3 por Rep\u00fablica Dominicana Sandra Contreras (9,400). La otra componente del equipo, Camil Betances, acab\u00f3 con 34,332 puntos tras recibir notas de 12,366 en salto, 6,633 en asim\u00e9tricas, 8,100 en barra y 9,500 en suelo.<\/p>\n<p>Con todo, Pe\u00f1a es provisionalmente primera en la clasificaci\u00f3n parcial de salto, si bien a\u00fan deben hacer sus ejercicios de clasificaci\u00f3n la mayor\u00eda de las participantes entre el viernes y el s\u00e1bado. Solo despu\u00e9s se sabr\u00e1 si la dominicana figura entre las ocho finalistas de este aparato.<\/p>\n<p>En ese caso, con la final programada para el s\u00e1bado 12 de octubre, Pe\u00f1a tendr\u00eda m\u00e1s de una semana para reponerse de las posibles dolencias que le hayan causado sus ca\u00eddas de la jornada inaugural.<\/p>\n","protected":false},"excerpt":{"rendered":"<p>Pe\u00f1a, una de las veteranas (26 a\u00f1os) del circuito que se resiste a retirarse, acab\u00f3 su \u2018produnova\u2019 en pie, m\u00e9rito suficiente para un ejercicio en el que la saltadora debe hacer tres mortales completos.<\/p>\n","protected":false},"author":19,"featured_media":61714,"comment_status":"closed","ping_status":"closed","sticky":false,"template":"","format":"standard","meta":[],"categories":[2,60],"tags":[],"acf":[],"_links":{"self":[{"href":"https:\/\/colimdo.org\/wp-api\/wp\/v2\/posts\/61713"}],"collection":[{"href":"https:\/\/colimdo.org\/wp-api\/wp\/v2\/posts"}],"about":[{"href":"https:\/\/colimdo.org\/wp-api\/wp\/v2\/types\/post"}],"author":[{"embeddable":true,"href":"https:\/\/colimdo.org\/wp-api\/wp\/v2\/users\/19"}],"replies":[{"embeddable":true,"href":"https:\/\/colimdo.org\/wp-api\/wp\/v2\/comments?post=61713"}],"version-history":[{"count":1,"href":"https:\/\/colimdo.org\/wp-api\/wp\/v2\/posts\/61713\/revisions"}],"predecessor-version":[{"id":61715,"href":"https:\/\/colimdo.org\/wp-api\/wp\/v2\/posts\/61713\/revisions\/61715"}],"wp:featuredmedia":[{"embeddable":true,"href":"https:\/\/colimdo.org\/wp-api\/wp\/v2\/media\/61714"}],"wp:attachment":[{"href":"https:\/\/colimdo.org\/wp-api\/wp\/v2\/media?parent=61713"}],"wp:term":[{"taxonomy":"category","embeddable":true,"href":"https:\/\/colimdo.org\/wp-api\/wp\/v2\/categories?post=61713"},{"taxonomy":"post_tag","embeddable":true,"href":"https:\/\/colimdo.org\/wp-api\/wp\/v2\/tags?post=61713"}],"curies":[{"name":"wp","href":"https:\/\/api.w.org\/{rel}","templated":true}]}}