{"id":61719,"date":"2019-10-04T17:40:16","date_gmt":"2019-10-04T17:40:16","guid":{"rendered":"https:\/\/colimdo.org\/?p=61719"},"modified":"2019-10-04T17:40:29","modified_gmt":"2019-10-04T17:40:29","slug":"delegacion-rd-sale-qatar-los-juegos-mundiales-playa","status":"publish","type":"post","link":"https:\/\/colimdo.org\/noticias\/delegacion-rd-sale-qatar-los-juegos-mundiales-playa\/","title":{"rendered":"Delegaci\u00f3n RD sale a Qatar a los Juegos Mundiales de Playa"},"content":{"rendered":"<p><strong>SANTO DOMINGO.<\/strong>&#8211;<span style=\"font-style: inherit; font-weight: inherit;\">\u00a0La Rep\u00fablica Dominicana se presentar\u00e1 a los Primeros Juegos Mundiales de Playa que ser\u00e1n celebrados en Qatar del 12 al 16 de octubre pr\u00f3ximo con una delegaci\u00f3n de 17 personas.<\/span><\/p>\n<p><span style=\"font-style: inherit; font-weight: inherit;\">La representaci\u00f3n dominicana que participar\u00e1 en ese evento tendr\u00e1 once atletas en las disciplinas de baloncesto 3&#215;3, karate y skateboarding.<\/span><\/p>\n<p><span style=\"font-style: inherit; font-weight: inherit;\">La delegaci\u00f3n estar\u00e1 encabezada por Wily Gonz\u00e1lez como jefe de misi\u00f3n. El resto de la representaci\u00f3n estar\u00e1 formado por dos equipos de baloncesto (masculino y femenino), dos de karate y uno de skateboarding. Tambi\u00e9n viajar\u00e1 el doctor Roverto Morla.<\/span><\/p>\n<p><span style=\"font-style: inherit; font-weight: inherit;\">La primera avanzada, liderada por Gonz\u00e1lez, sale el lunes, 7 de octubre pr\u00f3ximo. Los dos equipos de baloncesto 3&#215;3 viajar\u00e1n el jueves; karate y skateboarding el viernes. Todos est\u00e1n programados para regresar el 17 de octubre.<\/span><\/p>\n<p><span style=\"font-style: inherit; font-weight: inherit;\">Los detalles de la delegaci\u00f3n fueron ofrecidos este viernes durante un acto en el que Corpo Heredia, Director de Deporte de Alto Rendimiento del Ministerio\u00a0 de Deportes, entreg\u00f3 la bandera que llevar\u00e1 la delegaci\u00f3n y que ondear\u00e1 en Qatar durante la celebraci\u00f3n de los Juegos Mundiales de Playa.<\/span><\/p>\n<p><span style=\"font-style: inherit; font-weight: inherit;\">En el encuentro, Luis Mej\u00eda, presidente del Comit\u00e9 Ol\u00edmpico Dominicano, exhort\u00f3 a los deportistas dominicanos a observar un buen comportamiento y levantar el honor de la disciplina durante su estancia en Qatar.<\/span><\/p>\n<p><span style=\"font-style: inherit; font-weight: inherit;\">De su lado, Heredia destac\u00f3 el compromiso patri\u00f3tico de los deportistas que estar\u00e1n participando en los Juegos Mundiales de Playa.<\/span><\/p>\n<p><span style=\"font-style: inherit; font-weight: inherit;\">Reiter\u00f3 el compromiso que tiene el Ministerio de Deportes con el COD, se\u00f1alando que los Juegos Mundiales de Playa \u201ces un evento especial\u201d.<\/span><\/p>\n<p><span style=\"font-style: inherit; font-weight: inherit;\">Wily Gonz\u00e1lez al recibir la bandera dijo que la delegaci\u00f3n asume un compromiso muy importante. \u201cNos sentimos comprometidos a defender el nombre del pa\u00eds y tener una moral bien alta\u201d, sostuvo.<\/span><\/p>\n<p><span style=\"font-style: inherit; font-weight: inherit;\">En la actividad tambi\u00e9n estuvieron presentes Juan Antonio Febles Dalmas\u00ed, director t\u00e9cnico del COD, as\u00ed como Luis Elpidio Cumba, director de la Academia Ol\u00edmpica.<\/span><\/p>\n<p><span style=\"font-style: inherit; font-weight: inherit;\">Los Juegos Mundiales de Playa evento es impulsado por el Comit\u00e9 Ol\u00edmpico Internacional (COI) y se espera la participaci\u00f3n de delegaciones de 90 pa\u00edses que competir\u00e1n en 14 deportes.<\/span><\/p>\n<p><span style=\"font-style: inherit; font-weight: inherit;\">Con motivo de la celebraci\u00f3n de esos juegos ser\u00e1 celebrada la Asamblea de la Asociaci\u00f3n de Comit\u00e9s Ol\u00edmpicos Nacionales (CON) y en esa actividad participar\u00e1n los dominicanos Luis Mej\u00eda Oviedo, miembro COI y presidente del Comit\u00e9 Ol\u00edmpico Dominicano, as\u00ed como Gilberto Garc\u00eda, secretario general y el se\u00f1or Felipe Vicini, presidente de Creso.<\/span><\/p>\n","protected":false},"excerpt":{"rendered":"<p>La representaci\u00f3n dominicana est\u00e1 integrada por 17 personas, incluidos 12 atletas, para el certamen que se celebrar\u00e1 en Qatar del 12 al 16 de este mes.<\/p>\n","protected":false},"author":13,"featured_media":61720,"comment_status":"closed","ping_status":"closed","sticky":false,"template":"","format":"standard","meta":[],"categories":[2,60],"tags":[],"acf":[],"_links":{"self":[{"href":"https:\/\/colimdo.org\/wp-api\/wp\/v2\/posts\/61719"}],"collection":[{"href":"https:\/\/colimdo.org\/wp-api\/wp\/v2\/posts"}],"about":[{"href":"https:\/\/colimdo.org\/wp-api\/wp\/v2\/types\/post"}],"author":[{"embeddable":true,"href":"https:\/\/colimdo.org\/wp-api\/wp\/v2\/users\/13"}],"replies":[{"embeddable":true,"href":"https:\/\/colimdo.org\/wp-api\/wp\/v2\/comments?post=61719"}],"version-history":[{"count":1,"href":"https:\/\/colimdo.org\/wp-api\/wp\/v2\/posts\/61719\/revisions"}],"predecessor-version":[{"id":61721,"href":"https:\/\/colimdo.org\/wp-api\/wp\/v2\/posts\/61719\/revisions\/61721"}],"wp:featuredmedia":[{"embeddable":true,"href":"https:\/\/colimdo.org\/wp-api\/wp\/v2\/media\/61720"}],"wp:attachment":[{"href":"https:\/\/colimdo.org\/wp-api\/wp\/v2\/media?parent=61719"}],"wp:term":[{"taxonomy":"category","embeddable":true,"href":"https:\/\/colimdo.org\/wp-api\/wp\/v2\/categories?post=61719"},{"taxonomy":"post_tag","embeddable":true,"href":"https:\/\/colimdo.org\/wp-api\/wp\/v2\/tags?post=61719"}],"curies":[{"name":"wp","href":"https:\/\/api.w.org\/{rel}","templated":true}]}}