{"id":61731,"date":"2019-10-04T22:51:10","date_gmt":"2019-10-04T22:51:10","guid":{"rendered":"https:\/\/colimdo.org\/?p=61731"},"modified":"2019-10-04T22:51:10","modified_gmt":"2019-10-04T22:51:10","slug":"santiago-country-club-anuncia-festival-deportivo-88-aniversario","status":"publish","type":"post","link":"https:\/\/colimdo.org\/noticias\/santiago-country-club-anuncia-festival-deportivo-88-aniversario\/","title":{"rendered":"Santiago Country Club anuncia festival deportivo 88 aniversario"},"content":{"rendered":"<p>SANTIAGO.- El Santiago Country Club anunci\u00f3 para este s\u00e1bado, la ceremonia inaugural de su festival deportivo 88 aniversario, en el cual participar\u00e1n atletas, masculinos y femeninos, en diez disciplinas y varias modalidades recreativas, as\u00ed como una fiesta con la New York Band.<\/p>\n<p>La informaci\u00f3n fue ofrecida por el presidente de esa entidad, Willy Nelson Rodr\u00edguez, durante un encuentro con la prensa realizado recientemente en el lobby de su casa club.<\/p>\n<p>El arquitecto Rodr\u00edguez, quien estuvo acompa\u00f1ado de la comisionada de deportes del Santiago Country Club, se\u00f1ora Margarita J\u00e1quez y otras autoridades de la entidad que preside, dijo que, aunque se est\u00e9n realizando actividades desde el primero de octubre, la inauguraci\u00f3n oficial ser\u00e1 este s\u00e1bado a las nueve de la ma\u00f1ana, en el estadio de f\u00fatbol.<\/p>\n<p>Pero, ese mismo d\u00eda, a las 6:00 am, habr\u00e1 reconocimiento de la ruta 5K y 10K, que contin\u00faa con una ma\u00f1anita deportiva en sus instalaciones, con zumba, yoga, circuito Tito Bootcamp y mucho m\u00e1s, as\u00ed como a las 9:00am, el inicio del campeonato de f\u00fatbol, el cual culmina el 12 de octubre, y, la ceremonia oficial de apertura.<\/p>\n<p>El pasado martes arranc\u00f3 el torneo de billar bola 10, en tres categor\u00edas, A, B y C, se seguir\u00e1 jugando los d\u00edas martes, mi\u00e9rcoles y jueves, hasta el 24 de octubre, mientras que los jueves se juega el interclubes de softbol, entre los equipos Banreservas, Centro Espa\u00f1ol, AMAPROSAN y los anfitriones del Santiago Country Club.<\/p>\n<p>Para el s\u00e1bado 19 de octubre, tenis de mesa en la casa club, desde las 9:00am, a la misma hora inicia el torneo regional de tenis de campo; el domingo la rese\u00f1ada competencia 5K y 10K; desde el martes 22 de octubre se jugar\u00e1 tenis de campo en las categor\u00edas B1, C1 y C2, hasta el viernes 25 de ese mes en las canchas de los organizadores, siempre a partir de las 6:30pm.<\/p>\n<p>Durante el encuentro con la prensa fue homenajeada la comisionada de deportes, se\u00f1ora Margarita J\u00e1quez, la cual recibi\u00f3 una placa de reconocimiento que le entregaron los ejecutivos del Santiago Country Club, encabezados por el arquitecto Rodr\u00edguez, por su excelente labor la cual ha revolucionado esa entidad.<\/p>\n","protected":false},"excerpt":{"rendered":"<p>La informaci\u00f3n fue ofrecida por el presidente de esa entidad, Willy Nelson Rodr\u00edguez, durante un encuentro con la prensa realizado recientemente en el lobby de su casa club.<\/p>\n","protected":false},"author":19,"featured_media":61732,"comment_status":"closed","ping_status":"closed","sticky":false,"template":"","format":"standard","meta":[],"categories":[2,60],"tags":[],"acf":[],"_links":{"self":[{"href":"https:\/\/colimdo.org\/wp-api\/wp\/v2\/posts\/61731"}],"collection":[{"href":"https:\/\/colimdo.org\/wp-api\/wp\/v2\/posts"}],"about":[{"href":"https:\/\/colimdo.org\/wp-api\/wp\/v2\/types\/post"}],"author":[{"embeddable":true,"href":"https:\/\/colimdo.org\/wp-api\/wp\/v2\/users\/19"}],"replies":[{"embeddable":true,"href":"https:\/\/colimdo.org\/wp-api\/wp\/v2\/comments?post=61731"}],"version-history":[{"count":1,"href":"https:\/\/colimdo.org\/wp-api\/wp\/v2\/posts\/61731\/revisions"}],"predecessor-version":[{"id":61733,"href":"https:\/\/colimdo.org\/wp-api\/wp\/v2\/posts\/61731\/revisions\/61733"}],"wp:featuredmedia":[{"embeddable":true,"href":"https:\/\/colimdo.org\/wp-api\/wp\/v2\/media\/61732"}],"wp:attachment":[{"href":"https:\/\/colimdo.org\/wp-api\/wp\/v2\/media?parent=61731"}],"wp:term":[{"taxonomy":"category","embeddable":true,"href":"https:\/\/colimdo.org\/wp-api\/wp\/v2\/categories?post=61731"},{"taxonomy":"post_tag","embeddable":true,"href":"https:\/\/colimdo.org\/wp-api\/wp\/v2\/tags?post=61731"}],"curies":[{"name":"wp","href":"https:\/\/api.w.org\/{rel}","templated":true}]}}