{"id":61753,"date":"2019-10-05T15:40:18","date_gmt":"2019-10-05T15:40:18","guid":{"rendered":"https:\/\/colimdo.org\/?p=61753"},"modified":"2019-10-05T15:40:18","modified_gmt":"2019-10-05T15:40:18","slug":"rafael-nadal-no-participara-masters-1-000-shanghai","status":"publish","type":"post","link":"https:\/\/colimdo.org\/noticias\/rafael-nadal-no-participara-masters-1-000-shanghai\/","title":{"rendered":"Rafael Nadal no participar\u00e1 en el Masters 1.000 de Shanghai"},"content":{"rendered":"<p>EFE.- La direcci\u00f3n del Masters 1.000 de Shanghai ha anunciado este viernes que el espa\u00f1ol Rafael Nadal, n\u00famero dos del mundo, no participar\u00e1 en este torneo, que comienza este s\u00e1bado.<\/p>\n<p>&#8216;Hola a todos es muy triste para mi anunciar que no podr\u00e9 jugar en Shanghai este a\u00f1o. Es el segundo consecutivo que falto y en China tengo muchos seguidores. El torneo es incre\u00edble y la ciudad es una de las m\u00e1s especiales del mundo&#8217;, ha se\u00f1alado Nadal en un mensaje enviado al director del torneo Michael Luevano, en el que comenta que la lesi\u00f3n en la mu\u00f1eca izquierda que sufri\u00f3 en Ginebra durante la Copa Laver &#8216;no est\u00e1 curada al cien por cien&#8217;.<\/p>\n<p>Copa Laver: Europa lidera tras victorias de Federer y Nadal.<\/p>\n<p>Novak Djokovic regresa con victoria en la primera ronda de Tokio.<\/p>\n<p>&#8216;Pero como todos probablemente saben, tuve una inflamaci\u00f3n en la mu\u00f1eca izquierda durante la Copa Laver y no he tenido tiempo para recuperarme y practicar para estar preparado para este impresionante torneo. Espero volver a Shanghai en el 2020&#8242;, a\u00f1ade Nadal, que contrae matrimonio este 19 de octubre en Mallorca y que ha recibido por parte de Luevano la consiguiente felicitaci\u00f3n y mejores deseos.<\/p>\n<p>\u201cComo algo personal y hablando en nombre de toda la familia del Rolex Shanghai Masters, deseamos a Rafa y a su prometida Maria Francisca todo lo mejor para su boda&#8217;, dice el director del torneo.<\/p>\n<p>Antes de producirse la lesi\u00f3n, y durante el Abierto de EE.UU. Nadal hab\u00eda comentado que en esos momentos solo ten\u00eda en mente participar en el Masters 1.000 de Par\u00eds-Bercy (del 28 de octubre al 3 de noviembre) y las Nitto Finales ATP de Londres (entre el 10 y el 17 de noviembre) y las Finales de la Copa Davis en la Caja M\u00e1gica, la semana siguiente. &#8216;Quedar\u00eda por definir la gira de Asia&#8217;, dijo entonces, sopesando como estuviera de f\u00edsico. EFE.<\/p>\n","protected":false},"excerpt":{"rendered":"<p>La direcci\u00f3n del Masters 1.000 de Shanghai ha anunciado este viernes que el espa\u00f1ol Rafael Nadal, n\u00famero dos del mundo, no participar\u00e1 en este torneo, que comienza este s\u00e1bado.<\/p>\n","protected":false},"author":19,"featured_media":61754,"comment_status":"closed","ping_status":"closed","sticky":false,"template":"","format":"standard","meta":[],"categories":[2,60],"tags":[],"acf":[],"_links":{"self":[{"href":"https:\/\/colimdo.org\/wp-api\/wp\/v2\/posts\/61753"}],"collection":[{"href":"https:\/\/colimdo.org\/wp-api\/wp\/v2\/posts"}],"about":[{"href":"https:\/\/colimdo.org\/wp-api\/wp\/v2\/types\/post"}],"author":[{"embeddable":true,"href":"https:\/\/colimdo.org\/wp-api\/wp\/v2\/users\/19"}],"replies":[{"embeddable":true,"href":"https:\/\/colimdo.org\/wp-api\/wp\/v2\/comments?post=61753"}],"version-history":[{"count":1,"href":"https:\/\/colimdo.org\/wp-api\/wp\/v2\/posts\/61753\/revisions"}],"predecessor-version":[{"id":61755,"href":"https:\/\/colimdo.org\/wp-api\/wp\/v2\/posts\/61753\/revisions\/61755"}],"wp:featuredmedia":[{"embeddable":true,"href":"https:\/\/colimdo.org\/wp-api\/wp\/v2\/media\/61754"}],"wp:attachment":[{"href":"https:\/\/colimdo.org\/wp-api\/wp\/v2\/media?parent=61753"}],"wp:term":[{"taxonomy":"category","embeddable":true,"href":"https:\/\/colimdo.org\/wp-api\/wp\/v2\/categories?post=61753"},{"taxonomy":"post_tag","embeddable":true,"href":"https:\/\/colimdo.org\/wp-api\/wp\/v2\/tags?post=61753"}],"curies":[{"name":"wp","href":"https:\/\/api.w.org\/{rel}","templated":true}]}}