{"id":61756,"date":"2019-10-05T19:08:28","date_gmt":"2019-10-05T19:08:28","guid":{"rendered":"https:\/\/colimdo.org\/?p=61756"},"modified":"2019-10-05T19:08:28","modified_gmt":"2019-10-05T19:08:28","slug":"gomez-noya-no-estoy-obsesionado-ganar-la-medalla-oro-tokio","status":"publish","type":"post","link":"https:\/\/colimdo.org\/noticias\/gomez-noya-no-estoy-obsesionado-ganar-la-medalla-oro-tokio\/","title":{"rendered":"G\u00f3mez Noya: \u201cNo estoy obsesionado con ganar la medalla de oro en Tokio\u201d"},"content":{"rendered":"<p><strong>EL NUEVO DIARIO, BARCELONA (EFE)<\/strong>.- El espa\u00f1ol Javier G\u00f3mez Noya, \u00fanico qu\u00edntuple campe\u00f3n del mundo de la historia del triatl\u00f3n, que este domingo competir\u00e1 en el Triatl\u00f3n de Barcelona, coment\u00f3 que su objetivo en los Juegos de Tokio, el a\u00f1o que viene, se centra en llegar \u201cen el mejor momento\u201d, pero advierte que \u201cno est\u00e1 obsesionado\u201d con ganar la medalla de oro.<\/p>\n<p>El gallego, que el a\u00f1o pasado se decant\u00f3 por competir en pruebas de \u2018Ironman\u2019, cambi\u00f3 de estrategia en 2019 y ha vuelto a participar en triatlones de distancia ol\u00edmpica y en el Mundial, que en el que captur\u00f3 la medalla de bronce, su und\u00e9cima en este campeonato.<\/p>\n<p>\u201cDesde que empec\u00e9 el a\u00f1o pasado en el Ironman sab\u00eda que tambi\u00e9n hab\u00eda la posibilidad de ir a los Juegos de Tokio, que es lo que me motiva ahora. Ten\u00eda claro que, posiblemente, es mi \u00faltima oportunidad de ir a unos Juegos y me dije a m\u00ed mismo que lo quer\u00eda intentar\u201d, dijo.<\/p>\n<p>\u201cQuer\u00eda ver si este a\u00f1o me sent\u00eda competitivo en la distancia ol\u00edmpica, he visto que es as\u00ed y he decidido apostar por eso, pero con el \u2018chip\u2019 puesto en centrarme otra vez en la larga distancia despu\u00e9s de Tokio\u201d, inform\u00f3.<\/p>\n<p>G\u00f3mez Noya, asimismo cu\u00e1druple campe\u00f3n de Europa, fue cuarto en Pek\u00edn 2008, plata en Londres 2012 y no pudo estar en R\u00edo 2016 por una lesi\u00f3n en el codo. Al ferrolano no le obsesiona pensar en el oro: \u201cM\u00e1s que pensar en si hago todo esto para lograr el oro en los Juegos, pienso en que lo que m\u00e1s me apetece es entrenar\u201d.<\/p>\n<p>\u201cEso es, intentar correr lo m\u00e1s r\u00e1pido posible, volver a estar bien en este tipo de carreras y, por supuesto, preparar los Juegos como objetivo, pero el oro, las medallas y todo esto, al final, si se consiguen, perfecto\u201d, dijo.<\/p>\n<p>La hora de la verdad llegar\u00e1 el 27 de julio del a\u00f1o pr\u00f3ximo en el parque marino de Odaiba, un circuito llano, algo t\u00e9cnico, aunque a \u00e9l lo que le preocupa es la meteorolog\u00eda.<\/p>\n<p>\u201cEs lo que preocupa a todo el mundo, ya desde el agua, que en esa \u00e9poca est\u00e1 muy caliente. Saldr\u00e1s de ella con una sensaci\u00f3n desagradable y luego fuera de ella, el calor y humedad de Tokio en verano es muy alto\u201d, advierte el triatleta gallego.<\/p>\n<p>Hablar de favoritos en Tokio es \u201ccomplicado\u201d, seg\u00fan G\u00f3mez Noya, como demuestran los pocos podios que se han repetido en las Series Mundiales.<\/p>\n<p>\u201cEn cada carrera aparec\u00eda uno diferente y en una carrera como la de Tokio te pueden aparecer quince o veinte con capacidad para ganar\u201d, insisti\u00f3.<\/p>\n<p>De todos modos, apuesta por su compatriota el mallorqu\u00edn Mario Mola -\u201cel m\u00e1ximo favorito\u201d-, considera que otro espa\u00f1ol, el talaverano Fernando Alarza \u201cva a estar ah\u00ed\u201d as\u00ed como el actual campe\u00f3n del mundo, el franc\u00e9s Luis Vincent, el sudafricano Henry Schoeman o el ingl\u00e9s Jonathan Brownlee.<\/p>\n<p>\u201cDespu\u00e9s, depender\u00e1 de c\u00f3mo se desarrolle t\u00e1cticamente, de c\u00f3mo toleremos el calor y puede haber sorpresas por esas condiciones tan extremas\u201d, dijo.<\/p>\n<p>Llegar\u00eda a la cita ol\u00edmpica con 37 a\u00f1os y no cree que la edad le vaya a limitar en su objetivo. \u201cEstamos hablando a\u00fan de carreras de casi dos horas, pero sigue siendo un deporte aer\u00f3bico, no se trata de perder velocidad en un sprint de 100 metros, que s\u00ed se pierde con la edad\u201d, coment\u00f3.<\/p>\n<p>\u201cAl final tampoco se corre tan r\u00e1pido como para perder esa velocidad y yo entrenando en las series noto que soy capaz de ir a los ritmos a los que iba, y creo que puedo llegar en buena forma y bien preparado\u201d, a\u00f1adi\u00f3. EFE<\/p>\n","protected":false},"excerpt":{"rendered":"<p>El gallego, que el a\u00f1o pasado se decant\u00f3 por competir en pruebas de \u2018Ironman\u2019, cambi\u00f3 de estrategia en 2019 y ha vuelto a participar en triatlones de distancia ol\u00edmpica y en el Mundial, que en el que captur\u00f3 la medalla de bronce, su und\u00e9cima en este campeonato.<\/p>\n","protected":false},"author":19,"featured_media":61757,"comment_status":"closed","ping_status":"closed","sticky":false,"template":"","format":"standard","meta":[],"categories":[2,60],"tags":[],"acf":[],"_links":{"self":[{"href":"https:\/\/colimdo.org\/wp-api\/wp\/v2\/posts\/61756"}],"collection":[{"href":"https:\/\/colimdo.org\/wp-api\/wp\/v2\/posts"}],"about":[{"href":"https:\/\/colimdo.org\/wp-api\/wp\/v2\/types\/post"}],"author":[{"embeddable":true,"href":"https:\/\/colimdo.org\/wp-api\/wp\/v2\/users\/19"}],"replies":[{"embeddable":true,"href":"https:\/\/colimdo.org\/wp-api\/wp\/v2\/comments?post=61756"}],"version-history":[{"count":1,"href":"https:\/\/colimdo.org\/wp-api\/wp\/v2\/posts\/61756\/revisions"}],"predecessor-version":[{"id":61758,"href":"https:\/\/colimdo.org\/wp-api\/wp\/v2\/posts\/61756\/revisions\/61758"}],"wp:featuredmedia":[{"embeddable":true,"href":"https:\/\/colimdo.org\/wp-api\/wp\/v2\/media\/61757"}],"wp:attachment":[{"href":"https:\/\/colimdo.org\/wp-api\/wp\/v2\/media?parent=61756"}],"wp:term":[{"taxonomy":"category","embeddable":true,"href":"https:\/\/colimdo.org\/wp-api\/wp\/v2\/categories?post=61756"},{"taxonomy":"post_tag","embeddable":true,"href":"https:\/\/colimdo.org\/wp-api\/wp\/v2\/tags?post=61756"}],"curies":[{"name":"wp","href":"https:\/\/api.w.org\/{rel}","templated":true}]}}