{"id":61768,"date":"2019-10-05T23:39:28","date_gmt":"2019-10-05T23:39:28","guid":{"rendered":"https:\/\/colimdo.org\/?p=61768"},"modified":"2019-10-05T23:39:28","modified_gmt":"2019-10-05T23:39:28","slug":"seleccion-judo-dominicana-competira-grand-slam-brasil","status":"publish","type":"post","link":"https:\/\/colimdo.org\/noticias\/seleccion-judo-dominicana-competira-grand-slam-brasil\/","title":{"rendered":"Selecci\u00f3n de judo dominicana competir\u00e1 en Grand Slam de Brasil"},"content":{"rendered":"<p><span lang=\"ES-DO\">SANTO DOMINGO<\/span><span lang=\"ES-DO\">. La delegaci\u00f3n\u00a0dominicana\u00a0de judo sali\u00f3 el viernes a Brasil para competir en el Grand Slam de esta disciplina, el cual comenzar\u00e1 el pr\u00f3ximo 6 y finalizar\u00e1 el 10 de octubre en el Centro Internacional de Convenciones de Brasil.<\/span><\/p>\n<p><span lang=\"ES-DO\">El equipo quisqueyano lo conforma Estefan\u00eda Soriano, en menos 48 kilos, y Ana Rosa, en menos 57 kilos, en la rama femenina.<\/span><\/p>\n<p><span lang=\"ES-DO\">Por los hombres, hicieron el viaje Robert Florentino, en menos 90 kilos; Wander Mateo, en menos 66 kilos; Medickson del Orbe, en menos 81 kilos, y Lewis Medina, en menos 100 kilos.<\/span><\/p>\n<p><span lang=\"ES-DO\">La representaci\u00f3n la integran adem\u00e1s los entrenadores Wilkin Ogando y Manuel Ram\u00edrez, as\u00ed como el \u00e1rbitro Orlando Cruz.<\/span><\/p>\n<p><span lang=\"ES-DO\">Estos judocas buscar\u00e1n subir puestos en la tabla universal de la disciplina, la cual les permita estar dentro de las plazas que formar\u00e1n parte de los Juegos Ol\u00edmpicos de Tokio 2020.<\/span><\/p>\n<p><span lang=\"ES-DO\">En el Gran Slam de Judo de Brasil, organizado por la Federaci\u00f3n Internacional de Judo, en coordinaci\u00f3n con la Federaci\u00f3n Brasile\u00f1a de ese deporte, ver\u00e1n acci\u00f3n 319 judocas provenientes de 55 naciones de los cinco continentes.<\/span><\/p>\n","protected":false},"excerpt":{"rendered":"<p>La representaci\u00f3n la integran adem\u00e1s los entrenadores Wilkin Ogando y Manuel Ram\u00edrez, as\u00ed como el \u00e1rbitro Orlando Cruz.<\/p>\n","protected":false},"author":19,"featured_media":61769,"comment_status":"closed","ping_status":"closed","sticky":false,"template":"","format":"standard","meta":[],"categories":[2,60],"tags":[],"acf":[],"_links":{"self":[{"href":"https:\/\/colimdo.org\/wp-api\/wp\/v2\/posts\/61768"}],"collection":[{"href":"https:\/\/colimdo.org\/wp-api\/wp\/v2\/posts"}],"about":[{"href":"https:\/\/colimdo.org\/wp-api\/wp\/v2\/types\/post"}],"author":[{"embeddable":true,"href":"https:\/\/colimdo.org\/wp-api\/wp\/v2\/users\/19"}],"replies":[{"embeddable":true,"href":"https:\/\/colimdo.org\/wp-api\/wp\/v2\/comments?post=61768"}],"version-history":[{"count":1,"href":"https:\/\/colimdo.org\/wp-api\/wp\/v2\/posts\/61768\/revisions"}],"predecessor-version":[{"id":61770,"href":"https:\/\/colimdo.org\/wp-api\/wp\/v2\/posts\/61768\/revisions\/61770"}],"wp:featuredmedia":[{"embeddable":true,"href":"https:\/\/colimdo.org\/wp-api\/wp\/v2\/media\/61769"}],"wp:attachment":[{"href":"https:\/\/colimdo.org\/wp-api\/wp\/v2\/media?parent=61768"}],"wp:term":[{"taxonomy":"category","embeddable":true,"href":"https:\/\/colimdo.org\/wp-api\/wp\/v2\/categories?post=61768"},{"taxonomy":"post_tag","embeddable":true,"href":"https:\/\/colimdo.org\/wp-api\/wp\/v2\/tags?post=61768"}],"curies":[{"name":"wp","href":"https:\/\/api.w.org\/{rel}","templated":true}]}}