{"id":61811,"date":"2019-10-07T01:03:00","date_gmt":"2019-10-07T01:03:00","guid":{"rendered":"https:\/\/colimdo.org\/?p=61811"},"modified":"2019-10-07T01:03:00","modified_gmt":"2019-10-07T01:03:00","slug":"arranca-este-lunes-santo-domingo-open-60-tenistas-profesionales","status":"publish","type":"post","link":"https:\/\/colimdo.org\/noticias\/arranca-este-lunes-santo-domingo-open-60-tenistas-profesionales\/","title":{"rendered":"Arranca este lunes el Santo Domingo Open con 60 tenistas profesionales"},"content":{"rendered":"<p>SANTO DOMINGO.- El Santo Domingo Open 2019, el torneo Challenger de tenis m\u00e1s grande de Latinoam\u00e9rica, arranca este lunes en las instalaciones del Santo Domingo Tenis Club (La Bocha) con la participaci\u00f3n de m\u00e1s de 60 tenistas profesionales de todo el mundo.<\/p>\n<p>El evento reparte este a\u00f1o 162,480 d\u00f3lares entre los participantes de dobles y sencillos, y otorga 125 puntos ATP para los campeones de ambas modalidades.<\/p>\n<p>El argentino Federico Delbonis, finalista de la edici\u00f3n pasada, es el primer favorito este a\u00f1o, seguido por el boliviano Hugo Dellien y el argentino Leonardo Mayer, los tres dentro del top 100 de la ATP.<\/p>\n<p>La n\u00f3mina de los dominicanos estar\u00e1 compuesta por Jos\u00e9 (Bebo) Hern\u00e1ndez, Roberto Cid, Nick Hardt, Jos\u00e9 Olivares, Peter Bertran y V\u00edctor Estrella, este \u00faltimo se retirar\u00e1 oficialmente del tenis profesional luego de su participaci\u00f3n en el torneo, por lo que la organizaci\u00f3n le rendir\u00e1 un homenaje tras su \u00faltimo partido.<\/p>\n<p>Hern\u00e1ndez tendr\u00e1 como rival en primera ronda al franc\u00e9s Maxime Chazal; Cid se medir\u00e1 frente al brasile\u00f1o Orlando Luz; Hardt chocar\u00e1 ante el argentino Renzo Olivo; Olivares jugar\u00e1 contra el brasile\u00f1o Thiago Seyboth; Bertran enfrentar\u00e1 al boliviano Federico Zeballos, y Estrella se las ver\u00e1 con el salvadore\u00f1o Marcelo Ar\u00e9valo en su debut.<\/p>\n<p>La jornada de este lunes inicia a las 3:00 de la tarde con Bertran en cancha central, seguido por el partido de Hardt, V\u00edctor Estrella y Jos\u00e9 Olivares para cerrar el d\u00eda, todos en sencillos.<\/p>\n<p>El Santo Domingo Open se extender\u00e1 hasta el domingo 13 de octubre, fecha en que se jugar\u00e1n las finales de sencillos y dobles. Los partidos estelares ser\u00e1n transmitidos cada d\u00eda desde las 7:00 de la noche por Gi Televisi\u00f3n, canal 56 de Claro TV con los comentarios y an\u00e1lisis de Michael Monegro y Juan Osvaldo Su\u00e1rez.<\/p>\n<p>Las boletas ya est\u00e1n a la venta en Uepa Tickets, y las mismas son v\u00e1lidas para disfrutar cada uno de los partidos del d\u00eda en todas las canchas de La Bocha.<\/p>\n","protected":false},"excerpt":{"rendered":"<p>El evento reparte este a\u00f1o 162,480 d\u00f3lares entre los participantes de dobles y sencillos, y otorga 125 puntos ATP para los campeones de ambas modalidades.<\/p>\n","protected":false},"author":19,"featured_media":61812,"comment_status":"closed","ping_status":"closed","sticky":false,"template":"","format":"standard","meta":[],"categories":[2,60],"tags":[],"acf":[],"_links":{"self":[{"href":"https:\/\/colimdo.org\/wp-api\/wp\/v2\/posts\/61811"}],"collection":[{"href":"https:\/\/colimdo.org\/wp-api\/wp\/v2\/posts"}],"about":[{"href":"https:\/\/colimdo.org\/wp-api\/wp\/v2\/types\/post"}],"author":[{"embeddable":true,"href":"https:\/\/colimdo.org\/wp-api\/wp\/v2\/users\/19"}],"replies":[{"embeddable":true,"href":"https:\/\/colimdo.org\/wp-api\/wp\/v2\/comments?post=61811"}],"version-history":[{"count":1,"href":"https:\/\/colimdo.org\/wp-api\/wp\/v2\/posts\/61811\/revisions"}],"predecessor-version":[{"id":61813,"href":"https:\/\/colimdo.org\/wp-api\/wp\/v2\/posts\/61811\/revisions\/61813"}],"wp:featuredmedia":[{"embeddable":true,"href":"https:\/\/colimdo.org\/wp-api\/wp\/v2\/media\/61812"}],"wp:attachment":[{"href":"https:\/\/colimdo.org\/wp-api\/wp\/v2\/media?parent=61811"}],"wp:term":[{"taxonomy":"category","embeddable":true,"href":"https:\/\/colimdo.org\/wp-api\/wp\/v2\/categories?post=61811"},{"taxonomy":"post_tag","embeddable":true,"href":"https:\/\/colimdo.org\/wp-api\/wp\/v2\/tags?post=61811"}],"curies":[{"name":"wp","href":"https:\/\/api.w.org\/{rel}","templated":true}]}}