{"id":61817,"date":"2019-10-07T01:09:06","date_gmt":"2019-10-07T01:09:06","guid":{"rendered":"https:\/\/colimdo.org\/?p=61817"},"modified":"2019-10-07T01:09:06","modified_gmt":"2019-10-07T01:09:06","slug":"rinden-homenaje-victor-estrella-iniciar-ultimo-torneo-profesional-tenis","status":"publish","type":"post","link":"https:\/\/colimdo.org\/noticias\/rinden-homenaje-victor-estrella-iniciar-ultimo-torneo-profesional-tenis\/","title":{"rendered":"Rinden homenaje a V\u00edctor Estrella antes de iniciar su \u00faltimo torneo profesional de tenis"},"content":{"rendered":"<p>EL NUEVO DIARIO, SANTO DOMINGO.- Rafael Nadal, Fabio Fognini, Marcelo Ar\u00e9valo, Alex Corretja entre otros grandes jugadores y entrenadores del tenis mundial rindieron homenaje a V\u00edctor Estrella a trav\u00e9s de un emotivo v\u00eddeo en el que resaltaron la carrera y los valores del m\u00e1s grande tenista que ha tenido Rep\u00fablica Dominicana, justo antes de iniciar este lunes su \u00faltimo torneo profesional en el Santo Domingo Open.<\/p>\n<p>Creando Sue\u00f1o Ol\u00edmpicos coordin\u00f3 el homenaje a Estrella en el que, en representaci\u00f3n de los socios de CRESO, Roberto Bonetti entreg\u00f3 al querido \u201cViti\u201d una raqueta la cual tiene bordada su figura entre las cuerdas.<\/p>\n<p>En el recorrido audiovisual por la carrera de Estrella se mostraron sus grandes victorias consecutivas en los tres ATP de Quito, sus medallas de oros consecutivas en los juegos Centroamericanos y del Caribe, su participaci\u00f3n en todos los Grand Slams y en los Juegos Ol\u00edmpicos de R\u00edo 2016, entre otros hitos.<\/p>\n<p>Estrella reaccion\u00f3 al homenaje con emoci\u00f3n y agradeci\u00f3 a todos los que han hecho su carrera posible, desde su familia, Luis Jos\u00e9 Bonilla, entrenadores y preparadores, patrocinadores y a todos los seguidores que le han impulsado a seguir por tantos a\u00f1os.<\/p>\n<p>V\u00edctor Estrella, atleta ejemplar de CRESO, iniciar\u00e1 este lunes su \u00faltimo torneo profesional, tal como lo anunci\u00f3 en los Juegos Panamericanos de Lima. Jugar\u00e1 precisamente con su gran amigo del tour ATP Marcelo Ar\u00e9velo que fue uno de los jugadores que le rindi\u00f3 homenaje en el v\u00eddeo que se present\u00f3 en la cena de gala en el Hotel Radisson de esta ciudad, la cual fue organizada por Santo Domingo Open para todos los jugadores del evento.<\/p>\n<p>V\u00edctor inform\u00f3 que est\u00e1 preparando su carrera post atl\u00e9tica, y que existe la posibilidad de que permanezca vinculado al programa Creando Sue\u00f1os Ol\u00edmpicos fungiendo como preparador de algunos de los atletas de tenis que est\u00e1n en CRESO y vienen subiendo.<\/p>\n<p>CRESO en una entidad sin fines de lucro que invierte el desarrollo deportivo de atletas dominicanos de alto rendimiento ol\u00edmpico acompa\u00f1ado de una formaci\u00f3n acad\u00e9mica. La empresas socias de CRESO son: Central Romana Corporation , CLARO, FERQUIDO, Banco Popular Dominicano, Grupo Rica, Grupo Rizek, Grupo SID, Grupo Universal, Total Dominicana, INICIA y el Comit\u00e9 Ol\u00edmpico Dominicano como entidad t\u00e9cnica deportiva.<\/p>\n","protected":false},"excerpt":{"rendered":"<p>Creando Sue\u00f1o Ol\u00edmpicos coordin\u00f3 el homenaje a Estrella en el que, en representaci\u00f3n de los socios de CRESO, Roberto Bonetti entreg\u00f3 al querido \u201cViti\u201d una raqueta la cual tiene bordada su figura entre las cuerdas.<\/p>\n","protected":false},"author":19,"featured_media":61818,"comment_status":"closed","ping_status":"closed","sticky":false,"template":"","format":"standard","meta":[],"categories":[2,60],"tags":[],"acf":[],"_links":{"self":[{"href":"https:\/\/colimdo.org\/wp-api\/wp\/v2\/posts\/61817"}],"collection":[{"href":"https:\/\/colimdo.org\/wp-api\/wp\/v2\/posts"}],"about":[{"href":"https:\/\/colimdo.org\/wp-api\/wp\/v2\/types\/post"}],"author":[{"embeddable":true,"href":"https:\/\/colimdo.org\/wp-api\/wp\/v2\/users\/19"}],"replies":[{"embeddable":true,"href":"https:\/\/colimdo.org\/wp-api\/wp\/v2\/comments?post=61817"}],"version-history":[{"count":1,"href":"https:\/\/colimdo.org\/wp-api\/wp\/v2\/posts\/61817\/revisions"}],"predecessor-version":[{"id":61819,"href":"https:\/\/colimdo.org\/wp-api\/wp\/v2\/posts\/61817\/revisions\/61819"}],"wp:featuredmedia":[{"embeddable":true,"href":"https:\/\/colimdo.org\/wp-api\/wp\/v2\/media\/61818"}],"wp:attachment":[{"href":"https:\/\/colimdo.org\/wp-api\/wp\/v2\/media?parent=61817"}],"wp:term":[{"taxonomy":"category","embeddable":true,"href":"https:\/\/colimdo.org\/wp-api\/wp\/v2\/categories?post=61817"},{"taxonomy":"post_tag","embeddable":true,"href":"https:\/\/colimdo.org\/wp-api\/wp\/v2\/tags?post=61817"}],"curies":[{"name":"wp","href":"https:\/\/api.w.org\/{rel}","templated":true}]}}