{"id":61831,"date":"2019-10-07T14:59:13","date_gmt":"2019-10-07T14:59:13","guid":{"rendered":"https:\/\/colimdo.org\/?p=61831"},"modified":"2019-10-07T14:59:13","modified_gmt":"2019-10-07T14:59:13","slug":"reinas-del-caribe-debutan-ante-mexico-este-martes-inicio-del-torneo-norceca-pr","status":"publish","type":"post","link":"https:\/\/colimdo.org\/noticias\/reinas-del-caribe-debutan-ante-mexico-este-martes-inicio-del-torneo-norceca-pr\/","title":{"rendered":"Reinas del Caribe debutan ante M\u00e9xico este martes en inicio del Torneo Norceca en PR"},"content":{"rendered":"<p>EL NUEVO DIARIO, SAN JUAN, Puerto Rico.- El sexteto femenino de la Rep\u00fablica Dominicana \u201cLas Reinas del Caribe\u201d, debutar\u00e1n este martes a las seis de la tarde ante M\u00e9xico, correspondiente al Grupo B, en el inicio del Torneo Continental Norceca 2019 que se celebrar\u00e1 en esta naci\u00f3n.<\/p>\n<p>El director t\u00e9cnico del equipo, Marcos Kwiek declar\u00f3 que el mismo conjunto que particip\u00f3 en la reci\u00e9n fianlizada Copa del Mundo es el mismo que est\u00e1 ya en Puerto Rico.<\/p>\n<p>El combinado dominicano parti\u00f3 este domingo a Puerto Rico a concluir sus entrenamientos de cara a la justa donde accionar\u00e1n ocho pa\u00edses afiliados a la Norceca.<\/p>\n<p>El campeonato Norceca corona al mejor equipo de Norte Am\u00e9rica, Centro Am\u00e9rica y del Caribe y los tres equipos mejor clasificados al final de la competencia que a\u00fan no se hayan clasificado obtendr\u00e1n boletos a competir en el torneo de Clasificaci\u00f3n Norceca para los Juegos de Tokio 2020 el pr\u00f3ximo enero.<\/p>\n<p>El Comit\u00e9 Organizador y los miembros del Comit\u00e9 de Control de Norceca celebraron el pasado domingo una reuni\u00f3n conjunta para revisar los arreglos y detalles de la competencia que dar\u00e1 inicio el martes.<\/p>\n<p>La reuni\u00f3n fue dirigida por el Presidente de Norceca Crist\u00f3bal Marte Hoffiz, quien adem\u00e1s de dar las palabras de bienvenida, enfatiz\u00f3 la importancia del evento que se desarrolla cada dos a\u00f1os, que en esta ocasi\u00f3n es una de las fases de los torneos clasificatorios a los Juegos Ol\u00edmpicos Tokio 2020.<\/p>\n<p>Cesar Trabanco, presidente de la Federaci\u00f3n Puertorrique\u00f1a de Voleibol expres\u00f3 la emoci\u00f3n y atenci\u00f3n que ha generado el evento con el equipo de los Estados Unidos, n\u00famero 2 del mundo, y el de Rep\u00fablica Dominicana \u201cLas Reinas del Caribe\u201d confirmando su participaci\u00f3n con los equipos que finalizaron recientemente la Copa del Mundo de la FIVB, adem\u00e1s de la llegada de Cuba, que no ha estado en Puerto Rico desde 2005.<\/p>\n<p>La programaci\u00f3n de entrenamientos y reuni\u00f3n preliminar se revisaron, as\u00ed como los detalles de transporte, alimentaci\u00f3n y hospedaje; tras concluirse la reuni\u00f3n se realiz\u00f3 una visita de inspecci\u00f3n a la sala de competencia.<\/p>\n<p>&nbsp;<\/p>\n","protected":false},"excerpt":{"rendered":"<p>El director t\u00e9cnico del equipo, Marcos Kwiek declar\u00f3 que el mismo conjunto que particip\u00f3 en la reci\u00e9n fianlizada Copa del Mundo es el mismo que est\u00e1 ya en Puerto Rico.<\/p>\n","protected":false},"author":19,"featured_media":61832,"comment_status":"closed","ping_status":"closed","sticky":false,"template":"","format":"standard","meta":[],"categories":[2,60],"tags":[],"acf":[],"_links":{"self":[{"href":"https:\/\/colimdo.org\/wp-api\/wp\/v2\/posts\/61831"}],"collection":[{"href":"https:\/\/colimdo.org\/wp-api\/wp\/v2\/posts"}],"about":[{"href":"https:\/\/colimdo.org\/wp-api\/wp\/v2\/types\/post"}],"author":[{"embeddable":true,"href":"https:\/\/colimdo.org\/wp-api\/wp\/v2\/users\/19"}],"replies":[{"embeddable":true,"href":"https:\/\/colimdo.org\/wp-api\/wp\/v2\/comments?post=61831"}],"version-history":[{"count":1,"href":"https:\/\/colimdo.org\/wp-api\/wp\/v2\/posts\/61831\/revisions"}],"predecessor-version":[{"id":61833,"href":"https:\/\/colimdo.org\/wp-api\/wp\/v2\/posts\/61831\/revisions\/61833"}],"wp:featuredmedia":[{"embeddable":true,"href":"https:\/\/colimdo.org\/wp-api\/wp\/v2\/media\/61832"}],"wp:attachment":[{"href":"https:\/\/colimdo.org\/wp-api\/wp\/v2\/media?parent=61831"}],"wp:term":[{"taxonomy":"category","embeddable":true,"href":"https:\/\/colimdo.org\/wp-api\/wp\/v2\/categories?post=61831"},{"taxonomy":"post_tag","embeddable":true,"href":"https:\/\/colimdo.org\/wp-api\/wp\/v2\/tags?post=61831"}],"curies":[{"name":"wp","href":"https:\/\/api.w.org\/{rel}","templated":true}]}}