{"id":61849,"date":"2019-10-07T17:50:55","date_gmt":"2019-10-07T17:50:55","guid":{"rendered":"https:\/\/colimdo.org\/?p=61849"},"modified":"2019-10-07T17:57:10","modified_gmt":"2019-10-07T17:57:10","slug":"federaciones-se-reuniran-ministro-deportes-este-miercoles","status":"publish","type":"post","link":"https:\/\/colimdo.org\/noticias\/federaciones-se-reuniran-ministro-deportes-este-miercoles\/","title":{"rendered":"Federaciones se reunir\u00e1n con Ministro de Deportes este mi\u00e9rcoles"},"content":{"rendered":"<p><strong>SANTO DOMINGO<\/strong>.- Las Federaciones Deportivas Nacionales y el Comit\u00e9 Ejecutivo del Comit\u00e9 Ol\u00edmpico Dominicano (COD) se reunir\u00e1n este mi\u00e9rcoles, 9 de octubre, en la sede del Ministerio de Deportes para sostener un Conversatorio con el licenciado Danilo D\u00edaz, Ministro de ese organismo.<\/p>\n<p>La reuni\u00f3n est\u00e1 pautada para las 10:00 de la ma\u00f1ana y el encuentro estar\u00e1 centrado en los Juegos Deportivos Nacionales 2020, las asignaciones federativas, Instalaciones y equipamientos deportivos, Ciclo Ol\u00edmpico, el Programa de Apoyo a los Atletas de Alto Rendimiento y Nuevos Valores (PARNI), monitores y entrenadores deportivos, la Ley del Deporte, deudas de las Federaciones Deportivas Nacionales y acuerdos deportivos internacionales.<\/p>\n<p>En una comunicaci\u00f3n dirigida el pasado 20 de septiembre al Ministro de Deportes D\u00edaz Vizca\u00edno, se les enviaron esos puntos a los fines de que pueda conocerlos y analizarlos junto a su equipo t\u00e9cnico y este mi\u00e9rcoles, en el Conversatorio, pueda hacer las aclaraciones de lugar.<\/p>\n<p>Una nota de la Direcci\u00f3n de Prensa del COD indica que esos puntos fueron tratados por la dirigencia deportiva del pa\u00eds durante el XII Conversatorio de las Federaciones Deportivas Nacionales realizado el pasado 16 de septiembre.<\/p>\n<p>Este ser\u00e1 el Conversatorio n\u00famero 13 que tienen las Federaciones Deportivas Nacionales, donde es tratada la situaci\u00f3n deportiva del pa\u00eds.<\/p>\n","protected":false},"excerpt":{"rendered":"<p>El encuentro est\u00e1 pautado para llevarse a cabo a las 10:00 de la ma\u00f1ana en la sede del Ministerio de Deportes.<\/p>\n","protected":false},"author":13,"featured_media":61850,"comment_status":"closed","ping_status":"closed","sticky":false,"template":"","format":"standard","meta":[],"categories":[2,60],"tags":[],"acf":[],"_links":{"self":[{"href":"https:\/\/colimdo.org\/wp-api\/wp\/v2\/posts\/61849"}],"collection":[{"href":"https:\/\/colimdo.org\/wp-api\/wp\/v2\/posts"}],"about":[{"href":"https:\/\/colimdo.org\/wp-api\/wp\/v2\/types\/post"}],"author":[{"embeddable":true,"href":"https:\/\/colimdo.org\/wp-api\/wp\/v2\/users\/13"}],"replies":[{"embeddable":true,"href":"https:\/\/colimdo.org\/wp-api\/wp\/v2\/comments?post=61849"}],"version-history":[{"count":1,"href":"https:\/\/colimdo.org\/wp-api\/wp\/v2\/posts\/61849\/revisions"}],"predecessor-version":[{"id":61851,"href":"https:\/\/colimdo.org\/wp-api\/wp\/v2\/posts\/61849\/revisions\/61851"}],"wp:featuredmedia":[{"embeddable":true,"href":"https:\/\/colimdo.org\/wp-api\/wp\/v2\/media\/61850"}],"wp:attachment":[{"href":"https:\/\/colimdo.org\/wp-api\/wp\/v2\/media?parent=61849"}],"wp:term":[{"taxonomy":"category","embeddable":true,"href":"https:\/\/colimdo.org\/wp-api\/wp\/v2\/categories?post=61849"},{"taxonomy":"post_tag","embeddable":true,"href":"https:\/\/colimdo.org\/wp-api\/wp\/v2\/tags?post=61849"}],"curies":[{"name":"wp","href":"https:\/\/api.w.org\/{rel}","templated":true}]}}