{"id":61855,"date":"2019-10-07T18:36:13","date_gmt":"2019-10-07T18:36:13","guid":{"rendered":"https:\/\/colimdo.org\/?p=61855"},"modified":"2019-10-07T18:36:29","modified_gmt":"2019-10-07T18:36:29","slug":"fedola-pone-marcha-este-viernes-nacional-copa-campeones","status":"publish","type":"post","link":"https:\/\/colimdo.org\/noticias\/fedola-pone-marcha-este-viernes-nacional-copa-campeones\/","title":{"rendered":"Fedola pone en marcha este viernes nacional Copa de Campeones"},"content":{"rendered":"<p><strong>SANTO DOMINGO. <\/strong>Con la participaci\u00f3n de unos 350 atletas en diferentes categor\u00edas, la Federaci\u00f3n Dominicana de Lucha (Fedola) celebrar\u00e1 el XXX Campeonato Nacional de Lucha Copa de Campeones en la Casa Nacional de ese deporte en el Centro Ol\u00edmpico.<\/p>\n<p>El campeonato arranca este viernes con las competecnias en la categor\u00eda infantil (7-12 a\u00f1os) desde las 9:00 de la ma\u00f1ana, mientras que la ceremonia de inauguraci\u00f3n se realizar\u00e1 a las 10:30 de la ma\u00f1ana de este mismo d\u00eda, seg\u00fan dio a conocer el licenciado Antonio Acosta, presidente de la Fedola.<\/p>\n<p>Mientras, el director t\u00e9cnico del certamen, profesor On\u00e9simo Rufino G\u00f3mez, inform\u00f3 que las actividades arrancan este jueves con la llegada de los infantiles desde las 3:00 de la tarde, as\u00ed como el pesaje y las acrobacias.<\/p>\n<p>El s\u00e1bado, desde las 9:00 de la ma\u00f1ana, comenzar\u00e1n los combates preliminares en las categor\u00edas escolares, cadetes (16-17 a\u00f1os) y juveniles (18-21) a\u00f1os, en tanto que el domingo ser\u00e1n las finales y la premiaci\u00f3n.<\/p>\n<p>\u201cEstos atletas forman parte del Proyecto Fomento y Desarrollo de la Lucha, del cual han salido todos los deportistas que han venido dando resultados favorables en eventos internacionales\u201d, indic\u00f3 Acosta, presidente de la Fedola.<\/p>\n<p>El XXX Campeonato Nacional de Lucha Copa de Campeones contar\u00e1 con la participaci\u00f3n de atletas de 22 asociaciones.<\/p>\n<p>Los ganadores de cada categor\u00eda obtendr\u00e1n el derecho de representar a sus respectivas asociaciones en el Campeonato Nacional Copa Navide\u00f1a que se celebrar\u00e1 en diciembre pr\u00f3ximo en la Casa Nacional de Lucha.<\/p>\n","protected":false},"excerpt":{"rendered":"<p>Las competencias en infantil inician a las 9:00 de la ma\u00f1ana, mientras que la ceremonia de inauguraci\u00f3n est\u00e1 pautada para las 10:30 de la ma\u00f1ana este viernes.<\/p>\n","protected":false},"author":13,"featured_media":61856,"comment_status":"closed","ping_status":"closed","sticky":false,"template":"","format":"standard","meta":[],"categories":[2,60],"tags":[],"acf":[],"_links":{"self":[{"href":"https:\/\/colimdo.org\/wp-api\/wp\/v2\/posts\/61855"}],"collection":[{"href":"https:\/\/colimdo.org\/wp-api\/wp\/v2\/posts"}],"about":[{"href":"https:\/\/colimdo.org\/wp-api\/wp\/v2\/types\/post"}],"author":[{"embeddable":true,"href":"https:\/\/colimdo.org\/wp-api\/wp\/v2\/users\/13"}],"replies":[{"embeddable":true,"href":"https:\/\/colimdo.org\/wp-api\/wp\/v2\/comments?post=61855"}],"version-history":[{"count":1,"href":"https:\/\/colimdo.org\/wp-api\/wp\/v2\/posts\/61855\/revisions"}],"predecessor-version":[{"id":61857,"href":"https:\/\/colimdo.org\/wp-api\/wp\/v2\/posts\/61855\/revisions\/61857"}],"wp:featuredmedia":[{"embeddable":true,"href":"https:\/\/colimdo.org\/wp-api\/wp\/v2\/media\/61856"}],"wp:attachment":[{"href":"https:\/\/colimdo.org\/wp-api\/wp\/v2\/media?parent=61855"}],"wp:term":[{"taxonomy":"category","embeddable":true,"href":"https:\/\/colimdo.org\/wp-api\/wp\/v2\/categories?post=61855"},{"taxonomy":"post_tag","embeddable":true,"href":"https:\/\/colimdo.org\/wp-api\/wp\/v2\/tags?post=61855"}],"curies":[{"name":"wp","href":"https:\/\/api.w.org\/{rel}","templated":true}]}}