{"id":64713,"date":"2019-12-05T18:42:24","date_gmt":"2019-12-05T18:42:24","guid":{"rendered":"https:\/\/colimdo.org\/?p=64713"},"modified":"2019-12-05T18:42:24","modified_gmt":"2019-12-05T18:42:24","slug":"pabellon-la-fama-barahona-inmortalizara-domingo-11-deportistas","status":"publish","type":"post","link":"https:\/\/colimdo.org\/noticias\/pabellon-la-fama-barahona-inmortalizara-domingo-11-deportistas\/","title":{"rendered":"Pabell\u00f3n de la Fama de Barahona inmortalizar\u00e1 el domingo a 11 deportistas"},"content":{"rendered":"<p class=\"yiv0698656804MsoNormal\"><b>BARAHONA.<\/b>\u00a0El Comit\u00e9 Permanente del Pabell\u00f3n de la Fama del Deporte de Barahona celebrar\u00e1 el domingo el II Ceremonial de Exaltaci\u00f3n de destacados deportistas que han puesto en alto el nombre del pa\u00eds y de esa provincia.<\/p>\n<p class=\"yiv0698656804MsoNormal\">As\u00ed lo inform\u00f3 el se\u00f1or Guillermo Polanco, miembro del Comit\u00e9 Ejecutivo del Pabell\u00f3n de la Fama y director de comunicaci\u00f3n del organismo, a trav\u00e9s de una nota de prensa.<\/p>\n<p class=\"yiv0698656804MsoNormal\">Dijo que la segunda versi\u00f3n de Ceremonial tendr\u00e1 lugar en el audit\u00f3rium Antonio M\u00e9ndez, del recinto provincial de la Universidad Aut\u00f3noma de Santo Domingo (UASD). Manifest\u00f3 que el senador provincial Eddy Mateo V\u00e1squez ser\u00e1 el Presidente de Honor.<\/p>\n<p class=\"yiv0698656804MsoNormal\">La exaltaci\u00f3n comenzar\u00e1 a las 10:00 de la ma\u00f1ana y entre los principales exaltados estar\u00e1 Julio Edward, uno de los pilares de la selecci\u00f3n nacional en la \u00e9poca de oro del b\u00e9isbol amateur dominicano.<\/p>\n<p class=\"yiv0698656804MsoNormal\">Polanco expres\u00f3 que junto Edward ser\u00e1n inmortalizados otros diez deportistas que con sus actuaciones en los escenarios de competencia engrandecieron el deporte nacional, provincial y regional.<\/p>\n<p class=\"yiv0698656804MsoNormal\">Los otros elegidos como inmortales son los ex voleibolistas Luis Roberto Pe\u00f1a, Enrique Molina y Ruddy Wells, los tambi\u00e9n beisbolistas Carlos Julio P\u00e9rez, Milc\u00edades -Micho- V\u00f3lquez y Fulbio Batista.<\/p>\n<p class=\"yiv0698656804MsoNormal\">Gustavo Phillips ser\u00e1 el edec\u00e1n de Edwar, mientras que Pe\u00f1a, P\u00e9rez, Molina, Carrasco, Wells, V\u00f3lquez, Batista, Ramos, Gonz\u00e1lez y V\u00e1squez ser\u00e1n acompa\u00f1ados hasta el altar de la inmortalidad, respectivamente, por Alcides Pe\u00f1a, Fausto Brito, Roberto A. Matos, Francisco Vargas, Frank Jim\u00e9nez, Iv\u00e1n Cuello, Juan Bautista Batista, M\u00e1ximo Pel\u00e1ez, Jorge F\u00e9liz\u00a0 y Picho Padilla.<\/p>\n<p class=\"yiv0698656804MsoNormal\">Completan el listado de los pr\u00f3ximos inmortales Carmen Araquiris Carrasco, en karate; Donato V\u00e1squez, en atletismo y los otrora basketobolistas C\u00e9sar Napole\u00f3n Ramos y Carlos Gonz\u00e1lez.<\/p>\n<p class=\"yiv0698656804MsoNormal\">Asimismo, el Pabell\u00f3n, seg\u00fan Polanco inmortalizar\u00e1 p\u00f3stumamente a los ex beisbolistas Sergio Medrano (Paleta), Miguel Coiscou. Omayra Ma\u00f1\u00e1n y el cronista deportivo Guillermo Polanco ser\u00e1n los conductores del Ceremonial de Exaltaci\u00f3n.<\/p>\n<p class=\"yiv0698656804MsoNormal\">En otro orden, Guillermo Polanco precis\u00f3 que el ceremonial se dedicar\u00e1 al barahonero Augusto S\u00e1nchez, uno de los mejores ciclistas dominicanos de todos los tiempos y ganador de varias versiones de la Vuelta Independencia Nacional; as\u00ed como al equipo femenino de softbol Las Broncas, embajadoras de la amistad de la Rep\u00fablica Dominicana y al equipo provincial de voleibol que gan\u00f3 el t\u00edtulo del campeonato nacional en 1963.<\/p>\n<p class=\"yiv0698656804MsoNormal\">Adem\u00e1s de Polanco, el Comit\u00e9 Permanente del Pabell\u00f3n de la Fama de Barahona lo componen Bienvenido Matos P\u00e9rez, Am\u00e9rico Patnella, Jos\u00e9 Luis Ram\u00edrez (Borola), Modesto Pe\u00f1a, Emma P\u00e9rez, Alcides Pe\u00f1a, Ram\u00f3n Moreta, Isabel Borroughs, Daniel Urb\u00e1ez, Miguel Tav\u00e1rez, Luis Terrero y Porfirio L\u00f3pez.<\/p>\n","protected":false},"excerpt":{"rendered":"<p>Pabell\u00f3n de la Fama del Deporte de Barahona celebrar\u00e1 el domingo el II Ceremonial de Exaltaci\u00f3n de destacados deportistas. <\/p>\n","protected":false},"author":20,"featured_media":64714,"comment_status":"closed","ping_status":"closed","sticky":false,"template":"","format":"standard","meta":[],"categories":[2,60],"tags":[],"acf":[],"_links":{"self":[{"href":"https:\/\/colimdo.org\/wp-api\/wp\/v2\/posts\/64713"}],"collection":[{"href":"https:\/\/colimdo.org\/wp-api\/wp\/v2\/posts"}],"about":[{"href":"https:\/\/colimdo.org\/wp-api\/wp\/v2\/types\/post"}],"author":[{"embeddable":true,"href":"https:\/\/colimdo.org\/wp-api\/wp\/v2\/users\/20"}],"replies":[{"embeddable":true,"href":"https:\/\/colimdo.org\/wp-api\/wp\/v2\/comments?post=64713"}],"version-history":[{"count":1,"href":"https:\/\/colimdo.org\/wp-api\/wp\/v2\/posts\/64713\/revisions"}],"predecessor-version":[{"id":64715,"href":"https:\/\/colimdo.org\/wp-api\/wp\/v2\/posts\/64713\/revisions\/64715"}],"wp:featuredmedia":[{"embeddable":true,"href":"https:\/\/colimdo.org\/wp-api\/wp\/v2\/media\/64714"}],"wp:attachment":[{"href":"https:\/\/colimdo.org\/wp-api\/wp\/v2\/media?parent=64713"}],"wp:term":[{"taxonomy":"category","embeddable":true,"href":"https:\/\/colimdo.org\/wp-api\/wp\/v2\/categories?post=64713"},{"taxonomy":"post_tag","embeddable":true,"href":"https:\/\/colimdo.org\/wp-api\/wp\/v2\/tags?post=64713"}],"curies":[{"name":"wp","href":"https:\/\/api.w.org\/{rel}","templated":true}]}}