{"id":79553,"date":"2020-10-06T01:23:39","date_gmt":"2020-10-06T01:23:39","guid":{"rendered":"https:\/\/colimdo.org\/?p=79553"},"modified":"2020-10-06T01:23:46","modified_gmt":"2020-10-06T01:23:46","slug":"mundial-2022-clases-olimpicas-la-haya-se-aplaza-al-2023","status":"publish","type":"post","link":"https:\/\/colimdo.org\/noticias\/mundial-2022-clases-olimpicas-la-haya-se-aplaza-al-2023\/","title":{"rendered":"El Mundial 2022 de clases ol\u00edmpicas en La Haya se aplaza al 2023"},"content":{"rendered":"<p>El impacto de la pandemia del COVID-19 ha obligado a la\u00a0World Sailing\u00a0(Federaci\u00f3n Internacional de Vela) a retrasar un a\u00f1o el\u00a0Mundial de clases ol\u00edmpicas, que se disputar\u00e1 en\u00a0La Haya (Holanda) del 10 al 20 de agosto 2023.<\/p>\n<p>Adem\u00e1s de las nuevas fechas para el Mundial absoluto, el Mundial Juvenil (para regatistas de 19 a\u00f1os o menos), que deb\u00eda celebrarse en La Haya en julio de 2021, tambi\u00e9n se ha reprogramado para 2022 y ser\u00e1 la prueba &#8216;test&#8217; para el absoluto.<\/p>\n<p>El Mundial se celebra cada cuatro a\u00f1os, dos a\u00f1os antes de los Juegos Ol\u00edmpicos, es la competici\u00f3n n\u00e1utica m\u00e1s grande del mundo y cuenta con la participaci\u00f3n de las diez clases ol\u00edmpicas, en la que compiten los mejores regatistas ol\u00edmpicos del mundo.<\/p>\n<p>El Mundial 2023 ser\u00e1 el principal evento de clasificaci\u00f3n para los Juegos Ol\u00edmpicos de Par\u00eds 2024; con m\u00e1s de 1.400 regatistas compitiendo en 1.000 embarcaciones durante un per\u00edodo de dos semanas en Scheveningen, puerto de La Haya.<\/p>\n<p>El aplazamiento del Mundial se ha provocado por el cambio de los Juegos Ol\u00edmpicos de Tokio 2020 hasta 2021 para, &#8220;permitir que los equipos y regatistas tengan m\u00e1s tiempo para prepararse despu\u00e9s de Tokio 2021 lo que garantizar\u00e1 que el mejor talento n\u00e1utico se muestre ante el mundo&#8221;, ha dicho Kim Andersen, actual presidente de la World Sailing.<\/p>\n<p>El \u00faltimo Mundial se celebr\u00f3 en el Centro Internacional de Vela de Aarhus en Dinamarca y otorg\u00f3 el 40 por ciento de las plazas para los Juegos Ol\u00edmpicos de Tokio 2020.<\/p>\n<p>Espa\u00f1a lo acogi\u00f3 en 2014, en Santander, con 1.100 regstistas y 700 embarcaciones y otorg\u00f3 el 50 por ciento de las plazas de los Juegos Ol\u00edmpicos de R\u00edo 2016.<\/p>\n","protected":false},"excerpt":{"rendered":"<p>La competencia, que se celebra cada cuatro a\u00f1os, dos antes de los Juegos Ol\u00edmpicos, es la competici\u00f3n n\u00e1utica m\u00e1s grande del mundo.<\/p>\n","protected":false},"author":13,"featured_media":79554,"comment_status":"closed","ping_status":"closed","sticky":false,"template":"","format":"standard","meta":[],"categories":[2,60],"tags":[],"acf":[],"_links":{"self":[{"href":"https:\/\/colimdo.org\/wp-api\/wp\/v2\/posts\/79553"}],"collection":[{"href":"https:\/\/colimdo.org\/wp-api\/wp\/v2\/posts"}],"about":[{"href":"https:\/\/colimdo.org\/wp-api\/wp\/v2\/types\/post"}],"author":[{"embeddable":true,"href":"https:\/\/colimdo.org\/wp-api\/wp\/v2\/users\/13"}],"replies":[{"embeddable":true,"href":"https:\/\/colimdo.org\/wp-api\/wp\/v2\/comments?post=79553"}],"version-history":[{"count":1,"href":"https:\/\/colimdo.org\/wp-api\/wp\/v2\/posts\/79553\/revisions"}],"predecessor-version":[{"id":79555,"href":"https:\/\/colimdo.org\/wp-api\/wp\/v2\/posts\/79553\/revisions\/79555"}],"wp:featuredmedia":[{"embeddable":true,"href":"https:\/\/colimdo.org\/wp-api\/wp\/v2\/media\/79554"}],"wp:attachment":[{"href":"https:\/\/colimdo.org\/wp-api\/wp\/v2\/media?parent=79553"}],"wp:term":[{"taxonomy":"category","embeddable":true,"href":"https:\/\/colimdo.org\/wp-api\/wp\/v2\/categories?post=79553"},{"taxonomy":"post_tag","embeddable":true,"href":"https:\/\/colimdo.org\/wp-api\/wp\/v2\/tags?post=79553"}],"curies":[{"name":"wp","href":"https:\/\/api.w.org\/{rel}","templated":true}]}}