{"id":81782,"date":"2020-11-20T21:15:38","date_gmt":"2020-11-20T21:15:38","guid":{"rendered":"https:\/\/colimdo.org\/?p=81782"},"modified":"2020-11-20T21:15:38","modified_gmt":"2020-11-20T21:15:38","slug":"jesus-mejia-aclara-situacion-los-gigantes-los-casos-covid-19","status":"publish","type":"post","link":"https:\/\/colimdo.org\/noticias\/jesus-mejia-aclara-situacion-los-gigantes-los-casos-covid-19\/","title":{"rendered":"Jes\u00fas Mej\u00eda aclara situaci\u00f3n de los Gigantes y los casos de COVID-19"},"content":{"rendered":"<p><strong>SAN FRANCISCO DE MACOR\u00cdS. \u2013\u00a0<\/strong>El gerente general de los Gigantes del Cibao, Jes\u00fas Mej\u00eda aclar\u00f3 la situaci\u00f3n del equipo con relaci\u00f3n a los contagios del COVID-19 alrededor de la liga y del conjunto francomacorisano.<\/p>\n<p>&nbsp;<\/p>\n<p>Mej\u00eda explic\u00f3 que los Gigantes han tenido siete casos acumulados desde el inicio de los entrenamientos, pero que todo est\u00e1 controlado con relaci\u00f3n al tema.<\/p>\n<p>&nbsp;<\/p>\n<p>\u201cEntiendo la preocupaci\u00f3n de los fan\u00e1ticos y la prensa, pero son medidas que se tomaron en cuenta desde antes de iniciar el torneo por la realidad que estamos viviendo con la pandemia y los equipos nos preparamos para esto, estamos aplicando los protocolos para prevenir m\u00e1s contagios\u201d dijo el ejecutivo.<\/p>\n<p>&nbsp;<\/p>\n<p>\u201cLos Gigantes vamos a seguir adelante, aqu\u00ed todo est\u00e1 controlado, aunque s\u00ed hemos tenido ocho casos acumulativos, que incluyen personal de clubhouse, t\u00e9cnicos o del departamento de prensa, no solo han sido los jugadores\u201d agreg\u00f3.<\/p>\n<p>&nbsp;<\/p>\n<p><strong>Los Gigantes continuar\u00e1n<\/strong><\/p>\n<p>Aunque fue pospuesto el partido de hoy por la situaci\u00f3n de los Tigres del Licey y la confirmaci\u00f3n de los contagios del COVID-19, los Gigantes del Cibao continuar\u00e1n su calendario ma\u00f1ana de manera normal cuando visiten a los Toros del Este en la Romana y el gerente aclar\u00f3 tambi\u00e9n que los casos de jugadores que han dado positivos, algunos ya est\u00e1n listos para integrarse al conjunto y otros se encuentran en el proceso de cuarentena.<\/p>\n<p>&nbsp;<\/p>\n<p>\u201cLa liga est\u00e1 aplicando de manera correcta el protocolo junto a Salud P\u00fablica, no debe haber p\u00e1nico porque la temporada continuar\u00e1. Nosotros tenemos jugadores que ya est\u00e1n listos para integrarse al grupo, otros se encuentran en el proceso de cuarentena, e incluso tenemos otros que est\u00e1n iniciando.\u201d<\/p>\n<p>&nbsp;<\/p>\n<p>Los Gigantes del Cibao se encuentran realizando su sexta jornada de pruebas PCR en la ma\u00f1ana de hoy, a lo que el joven ejecutivo del equipo se mostr\u00f3 optimista y dijo que espera no tengamos m\u00e1s positivos.<\/p>\n","protected":false},"excerpt":{"rendered":"<p>El gerente general de los Gigantes del Cibao, Jes\u00fas Mej\u00eda aclar\u00f3 la situaci\u00f3n del equipo con relaci\u00f3n a los contagios del COVID-19 alrededor de la liga y del conjunto francomacorisano.<\/p>\n","protected":false},"author":20,"featured_media":81783,"comment_status":"closed","ping_status":"closed","sticky":false,"template":"","format":"standard","meta":[],"categories":[2,60],"tags":[],"acf":[],"_links":{"self":[{"href":"https:\/\/colimdo.org\/wp-api\/wp\/v2\/posts\/81782"}],"collection":[{"href":"https:\/\/colimdo.org\/wp-api\/wp\/v2\/posts"}],"about":[{"href":"https:\/\/colimdo.org\/wp-api\/wp\/v2\/types\/post"}],"author":[{"embeddable":true,"href":"https:\/\/colimdo.org\/wp-api\/wp\/v2\/users\/20"}],"replies":[{"embeddable":true,"href":"https:\/\/colimdo.org\/wp-api\/wp\/v2\/comments?post=81782"}],"version-history":[{"count":1,"href":"https:\/\/colimdo.org\/wp-api\/wp\/v2\/posts\/81782\/revisions"}],"predecessor-version":[{"id":81784,"href":"https:\/\/colimdo.org\/wp-api\/wp\/v2\/posts\/81782\/revisions\/81784"}],"wp:featuredmedia":[{"embeddable":true,"href":"https:\/\/colimdo.org\/wp-api\/wp\/v2\/media\/81783"}],"wp:attachment":[{"href":"https:\/\/colimdo.org\/wp-api\/wp\/v2\/media?parent=81782"}],"wp:term":[{"taxonomy":"category","embeddable":true,"href":"https:\/\/colimdo.org\/wp-api\/wp\/v2\/categories?post=81782"},{"taxonomy":"post_tag","embeddable":true,"href":"https:\/\/colimdo.org\/wp-api\/wp\/v2\/tags?post=81782"}],"curies":[{"name":"wp","href":"https:\/\/api.w.org\/{rel}","templated":true}]}}