{"id":94539,"date":"2021-07-27T16:38:06","date_gmt":"2021-07-27T16:38:06","guid":{"rendered":"https:\/\/colimdo.org\/?p=94539"},"modified":"2021-07-27T16:38:06","modified_gmt":"2021-07-27T16:38:06","slug":"robert-florentino-me-he-preparado-este-momento","status":"publish","type":"post","link":"https:\/\/colimdo.org\/noticias\/robert-florentino-me-he-preparado-este-momento\/","title":{"rendered":"Robert Florentino: \u201cMe he preparado para este momento\u201d"},"content":{"rendered":"<p><b><span lang=\"ES-DO\">SANTO DOMINGO.-<\/span><\/b><span lang=\"ES-DO\">\u00a0El judoca Robert Florentino manifest\u00f3 que est\u00e1 muy enfocado para su compromiso este martes en el torneo de judo de los Juegos Ol\u00edmpicos de Tokio.<u><\/u>\u00a0<u><\/u><\/span><\/p>\n<p><span lang=\"ES-DO\">Florentino enfrentar\u00e1 en el primer combate a Quedjau Nhabali, de Ucrania, a las 10:00 de la ma\u00f1ana, hora dominicana (11:00 de la ma\u00f1ana del mi\u00e9rcoles en Jap\u00f3n).<u><\/u>\u00a0<u><\/u><\/span><\/p>\n<p><span lang=\"ES-DO\">\u201cMe he preparado para este momento. Estoy optimista y enfocado en este compromiso ol\u00edmpico\u201d, manifest\u00f3 Florentino desde Jap\u00f3n, donde se encuentra desde hace algo m\u00e1s de tres semanas.<u><\/u>\u00a0<u><\/u><\/span><\/p>\n<p><span lang=\"ES-DO\">Robert, de 24 a\u00f1os de edad, participa por primera vez en unos Juegos Ol\u00edmpicos, mientras que su rival de la ronda de los 32, el ucraniano Nhabali,\u00a0\u00a0de 31 a\u00f1os, ya estuvo en R\u00edo de Janeiro, en el 2016.<u><\/u>\u00a0<u><\/u><\/span><\/p>\n<p><span lang=\"ES-DO\">El dominicano, nativo de San Juan de la Maguana, hizo referencia a su \u00faltima etapa de preparaci\u00f3n para este momento, junto a su entrenador Wilkin Ogando.<u><\/u>\u00a0<u><\/u><\/span><\/p>\n<p><span lang=\"ES-DO\">\u201cHa sido proceso de preparaci\u00f3n adecuado. Tengo un objetivo, que es el de lograr mi sue\u00f1o en estos juegos\u201d, agreg\u00f3 Florentino, quien ocupa el puesto 29 en el ranking mundial con 2,387 puntos.<u><\/u>\u00a0<u><\/u><\/span><\/p>\n<p><span lang=\"ES-DO\">Quedjau Nhabali, en cambio, figura en el lugar 26 a nivel mundial, con una puntuaci\u00f3n de 2,495.<u><\/u>\u00a0<u><\/u><\/span><\/p>\n<p><span lang=\"ES-DO\">Florentino, quien entrena en el Centro de Alta Tecnificaci\u00f3n de Valencia, Espa\u00f1a, ha ganado cinco medallas en el Campeonato Panamericano de Judo que se llev\u00f3 a cabo entre los a\u00f1os 2016-2021.<u><\/u>\u00a0<u><\/u><\/span><\/p>\n<p><span lang=\"ES-DO\">El atleta quisqueyano es uno de los proyectos de la Federaci\u00f3n Dominicana de Judo (Fedojudo), que preside el licenciado Gilberto Garc\u00eda.<u><\/u>\u00a0<u><\/u><\/span><\/p>\n<p><span lang=\"ES-DO\">Adem\u00e1s de Florentino, entrenan en Espa\u00f1a atletas superiores como Medickson del Orbe, Wander Mateo, Lewis Medina, Estefan\u00eda Soriano y Jos\u00e9 Nova, as\u00ed como las juveniles Moira Morillo, Eiraima Silvestre y Ariela S\u00e1nchez.<u><\/u>\u00a0<\/span><\/p>\n","protected":false},"excerpt":{"rendered":"<p>El judoca Robert Florentino manifest\u00f3 que est\u00e1 muy enfocado para su compromiso este martes en el torneo de judo de los Juegos Ol\u00edmpicos de Tokio.\u00a0<\/p>\n","protected":false},"author":20,"featured_media":94540,"comment_status":"closed","ping_status":"closed","sticky":false,"template":"","format":"standard","meta":[],"categories":[3,2,79855,60],"tags":[79718,80464,24284,24267],"acf":[],"_links":{"self":[{"href":"https:\/\/colimdo.org\/wp-api\/wp\/v2\/posts\/94539"}],"collection":[{"href":"https:\/\/colimdo.org\/wp-api\/wp\/v2\/posts"}],"about":[{"href":"https:\/\/colimdo.org\/wp-api\/wp\/v2\/types\/post"}],"author":[{"embeddable":true,"href":"https:\/\/colimdo.org\/wp-api\/wp\/v2\/users\/20"}],"replies":[{"embeddable":true,"href":"https:\/\/colimdo.org\/wp-api\/wp\/v2\/comments?post=94539"}],"version-history":[{"count":1,"href":"https:\/\/colimdo.org\/wp-api\/wp\/v2\/posts\/94539\/revisions"}],"predecessor-version":[{"id":94541,"href":"https:\/\/colimdo.org\/wp-api\/wp\/v2\/posts\/94539\/revisions\/94541"}],"wp:featuredmedia":[{"embeddable":true,"href":"https:\/\/colimdo.org\/wp-api\/wp\/v2\/media\/94540"}],"wp:attachment":[{"href":"https:\/\/colimdo.org\/wp-api\/wp\/v2\/media?parent=94539"}],"wp:term":[{"taxonomy":"category","embeddable":true,"href":"https:\/\/colimdo.org\/wp-api\/wp\/v2\/categories?post=94539"},{"taxonomy":"post_tag","embeddable":true,"href":"https:\/\/colimdo.org\/wp-api\/wp\/v2\/tags?post=94539"}],"curies":[{"name":"wp","href":"https:\/\/api.w.org\/{rel}","templated":true}]}}