{"id":94542,"date":"2021-07-27T19:41:55","date_gmt":"2021-07-27T19:41:55","guid":{"rendered":"https:\/\/colimdo.org\/?p=94542"},"modified":"2021-07-28T01:38:28","modified_gmt":"2021-07-28T01:38:28","slug":"cod-recibe-comitiva-asociacion-dominicana-disenadores-moda","status":"publish","type":"post","link":"https:\/\/colimdo.org\/noticias\/cod-recibe-comitiva-asociacion-dominicana-disenadores-moda\/","title":{"rendered":"COD recibe comitiva Asociaci\u00f3n Dominicana Dise\u00f1adores de Moda"},"content":{"rendered":"<p><strong>SANTO DOMINGO.<\/strong> El Comit\u00e9 Ol\u00edmpico Dominicano (COD) recibi\u00f3 una comisi\u00f3n de la Asociaci\u00f3n Dominicana de Dise\u00f1adores de Moda con la finalidad de que, en el futuro, sean tomadas en cuenta sus propuestas sobre la vestimenta de las delegaciones en eventos internacionales.<\/p>\n<p>La representaci\u00f3n de la Asociaci\u00f3n de Dise\u00f1adores de Moda fue recibida este martes por miembros del comit\u00e9 ejecutivo del COD, entre ellos el licenciado Luis Chanlatte, Gerardo Suero Correa, Jos\u00e9 Luis Ram\u00edrez y Rafael Villalona.<\/p>\n<p>El licenciado Chanlatte, en su calidad de presidente en funciones del COD, solicit\u00f3 a la comitiva de la Asociaci\u00f3n Dominicana de Dise\u00f1adores de Moda presentar formalmente una propuesta de dise\u00f1o de la vestimenta de gala y de estad\u00eda en la villa.<\/p>\n<p>\u201cPresenten la propuesta de intenci\u00f3n de dise\u00f1o que est\u00e9 acorde como marca pa\u00eds\u201d, insisti\u00f3 Chanlatte.<\/p>\n<p>Melkis D\u00edaz, presidenta de la Asociaci\u00f3n Dominicana de Dise\u00f1adores de Moda, explic\u00f3 el alcance del organismo que dirige y manifest\u00f3 que tienen el personal para garantizar un producto de alta calidad y acorde con las exigencias que demandan.<\/p>\n<p>Adelant\u00f3 que en una semana presentar\u00e1n diversos dise\u00f1os de la vestimenta deportiva con la posibilidad de que, si las propuestas son aceptadas, sean tomadas en cuenta entre los oferentes para los Juegos Panamericanos Junior que tendr\u00e1n lugar del 25 de noviembre al 5 de diciembre pr\u00f3ximo.<\/p>\n<p>Mientras, Aldo Rodr\u00edguez, asesor parte empresarial, indic\u00f3 que el esp\u00edritu de la visita al COD era presentar y buscar soluciones a favor de la Asociaci\u00f3n de Dise\u00f1adores de Moda, as\u00ed como unificar criterios sobre la marca pa\u00eds y \u201cque nuestros embajadores (los atletas) est\u00e9n debidamente representados\u201d.<\/p>\n<p>Gerardo Suero Correa, miembro del ejecutivo del COD, manifest\u00f3 que las propuestas deben estar sujetas a la ley 340 sobre contrataciones p\u00fablicas, se\u00f1alando que en cada evento se hacen licitaciones p\u00fablicas.<\/p>\n<p>Al t\u00e9rmino del encuentro, las puertas quedaron abiertas para recibir y ver las propuestas de dise\u00f1o que expondr\u00e1 la Asociaci\u00f3n Dominicana de Dise\u00f1adores de Moda.<\/p>\n<p>En la visita acudieron adem\u00e1s por la asociaci\u00f3n, \u00c1lvaro Rodr\u00edguez, Solange Sagredo y Massiel Chupani, asistente ejecutiva.<\/p>\n","protected":false},"excerpt":{"rendered":"<p>La Asociaci\u00f3n de Dise\u00f1adores de Moda gir\u00f3 la visita con la finalidad de que, en el futuro, sean tomadas en cuenta sus propuestas.<\/p>\n","protected":false},"author":19,"featured_media":94543,"comment_status":"closed","ping_status":"closed","sticky":false,"template":"","format":"standard","meta":[],"categories":[39879,2,60],"tags":[79718,79795],"acf":[],"_links":{"self":[{"href":"https:\/\/colimdo.org\/wp-api\/wp\/v2\/posts\/94542"}],"collection":[{"href":"https:\/\/colimdo.org\/wp-api\/wp\/v2\/posts"}],"about":[{"href":"https:\/\/colimdo.org\/wp-api\/wp\/v2\/types\/post"}],"author":[{"embeddable":true,"href":"https:\/\/colimdo.org\/wp-api\/wp\/v2\/users\/19"}],"replies":[{"embeddable":true,"href":"https:\/\/colimdo.org\/wp-api\/wp\/v2\/comments?post=94542"}],"version-history":[{"count":1,"href":"https:\/\/colimdo.org\/wp-api\/wp\/v2\/posts\/94542\/revisions"}],"predecessor-version":[{"id":94544,"href":"https:\/\/colimdo.org\/wp-api\/wp\/v2\/posts\/94542\/revisions\/94544"}],"wp:featuredmedia":[{"embeddable":true,"href":"https:\/\/colimdo.org\/wp-api\/wp\/v2\/media\/94543"}],"wp:attachment":[{"href":"https:\/\/colimdo.org\/wp-api\/wp\/v2\/media?parent=94542"}],"wp:term":[{"taxonomy":"category","embeddable":true,"href":"https:\/\/colimdo.org\/wp-api\/wp\/v2\/categories?post=94542"},{"taxonomy":"post_tag","embeddable":true,"href":"https:\/\/colimdo.org\/wp-api\/wp\/v2\/tags?post=94542"}],"curies":[{"name":"wp","href":"https:\/\/api.w.org\/{rel}","templated":true}]}}