{"id":94778,"date":"2021-08-06T12:01:07","date_gmt":"2021-08-06T12:01:07","guid":{"rendered":"https:\/\/colimdo.org\/?p=94778"},"modified":"2021-08-06T15:07:18","modified_gmt":"2021-08-06T15:07:18","slug":"autoridades-dan-recibimiento-heroes-pesistas-olimpicos-tokio-2020","status":"publish","type":"post","link":"https:\/\/colimdo.org\/noticias\/autoridades-dan-recibimiento-heroes-pesistas-olimpicos-tokio-2020\/","title":{"rendered":"Autoridades dan recibimiento de h\u00e9roes a sus pesistas ol\u00edmpicos en Tokio 2020"},"content":{"rendered":"<p class=\"yiv1078691436MsoNormal\"><span lang=\"ES-DO\"><strong>SANTO DOMINGO.-<\/strong> La llegada madrugadora de los medallistas de pesas en Tokio 2020, Zacar\u00edas Bonnat y Crismery Santana, no impidi\u00f3 que un abarrotado Aeropuerto Internacional de Las Am\u00e9ricas se estremeciera ante la presencia de dos nuevos h\u00e9roes del deporte nacional.<\/span><\/p>\n<p class=\"yiv1078691436MsoNormal\"><span lang=\"ES-DO\">Los ganadores de plata y bronce en los 81 y 87 kilogramos tuvieron una recibida a la altura de las haza\u00f1as que reci\u00e9n acaban de conseguir en la cita ol\u00edmpica japonesa que cerrar\u00e1 el tel\u00f3n el pr\u00f3ximo domingo.<\/span><\/p>\n<p class=\"yiv1078691436MsoNormal\"><span lang=\"ES-DO\">Una comitiva oficial del gobierno que preside el presidente Luis Abinader, encabezada por el ministro de Deportes Francisco Camacho y el viceministro administrativo y director financiero Franklin de la Mota, se traslad\u00f3 hasta la terminal para rendirle un tributo de h\u00e9roe y hero\u00edna a los atletas nativos de Bayaguana (Zacar\u00edas) y San Pedro de Macor\u00eds (Crismery).<\/span><\/p>\n<p class=\"yiv1078691436MsoNormal\"><span lang=\"ES-DO\">Los funcionarios fueron acompa\u00f1ados por las m\u00e1ximas autoridades de la Federaci\u00f3n Dominicana de Halterofilia, que lidera William Ozuna, y los directivos del Comit\u00e9 Ol\u00edmpico Dominicano, Jos\u00e9 Luis Ram\u00edrez y Miguel Rivera. Adem\u00e1s, asistieron representaciones oficiales de Monte Plata como la gobernadora Rafaela Javier Gomera y Manuel -Pantalio- Santana (alcalde de Bayaguana) y San Pedro de Macor\u00eds, lideradas por la gobernadora Aracelis Villam\u00e1n.<\/span><\/p>\n<p class=\"yiv1078691436MsoNormal\"><span lang=\"ES-DO\">El vuelo arrib\u00f3 a las 12:00 de la medianoche, la hora programada, y los atletas salieron por el \u00e1rea de pasajeros 26 minutos despu\u00e9s, despu\u00e9s de un merecido recibimiento por el Sal\u00f3n de Embajadores, por parte de las autoridades p\u00fablicas y del deporte antes citadas.<\/span><\/p>\n<p class=\"yiv1078691436MsoNormal\"><span lang=\"ES-DO\">Una multitud de ciudadanos, incluyendo compa\u00f1eros de las selecciones \u00e9lite y juvenil, recibi\u00f3 tanto a los medallistas como a los dem\u00e1s atletas ol\u00edmpicos presentes en Tokio, Ver\u00f3nica Salad\u00edn, Luis Garc\u00eda y Beatriz Pir\u00f3n, as\u00ed como a los entrenadores H\u00e9ctor Dom\u00ednguez, moreno Mart\u00ednez, al delegado t\u00e9cnico Raymundo Gantier y Martiza Ortiz, presente en sus cuartas olimpiadas trabajando como jueza y \u00e1rbitro.<\/span><\/p>\n<p class=\"yiv1078691436MsoNormal\"><span lang=\"ES-DO\">Un breve acto fue realizado a la salida de la salida de la terminal para presentar a los atletas, con unas palabras de bienvenida pronunciadas por Ozuna, quien record\u00f3 que las dos medallas son el resultado de un trabajo tesonero iniciado en 2017 cuando arranco el presente Ciclo Ol\u00edmpico que concluir\u00e1 el domingo con la clausura de los Juegos de Tokio.<\/span><\/p>\n<p class=\"yiv1078691436MsoNormal\"><span lang=\"ES-DO\">\u201cLo que este estos atletas acaban de hacer lo est\u00e1bamos esperando y hoy podemos decir que sus haza\u00f1as constituyen un triunfo del pa\u00eds y de estas autoridades del gobierno, con el presidente Luis Abinader y el ministro Francisco Camacho a la cabeza, por que no escatimaron esfuerzos para brindar todas las facilidades a la delegaci\u00f3n ol\u00edmpica, incluyendo la entrega de fondos con mucho tiempo de antelaci\u00f3n\u201d, dijo Ozuna.<\/span><\/p>\n<p class=\"yiv1078691436MsoNormal\"><span lang=\"ES-DO\">Francisco Camacho, dijo por su parte, que el \u00e9xito de Tokio es una \u201cse\u00f1al de que lo bien comienza, bien tiene que terminar\u201d.<\/span><\/p>\n<p class=\"yiv1078691436MsoNormal\"><span lang=\"ES-DO\">Elogi\u00f3 la decisi\u00f3n del presidente Luis Abinader, de disponer que a la delegaci\u00f3n se le dieran todas las facilidades posibles en su preparaci\u00f3n final y para el posterior viaje a Tokio de la delegaci\u00f3n.<\/span><\/p>\n<p class=\"yiv1078691436MsoNormal\"><span lang=\"ES-DO\">\u201cNuestro presidente siempre nos dijo que no se pod\u00eda escatimar esfuerzos para poner todo lo necesario en manos de los atletas, Comit\u00e9 Ol\u00edmpico, entrenadores y federaciones. Por eso hoy tenemos una delegaci\u00f3n hist\u00f3rica que obligar\u00e1 a que en el deporte nacional a nivel de Juegos Ol\u00edmpicos se hable de un antes y un despu\u00e9s de Tokio 2020\u201d, apreci\u00f3 Camacho.<\/span><\/p>\n<p class=\"yiv1078691436MsoNormal\"><b><span lang=\"ES-DO\">Hablan pesistas<\/span><\/b><\/p>\n<p class=\"yiv1078691436MsoNormal\"><span lang=\"ES-DO\">El primero en dirigirse a los presentes fue el bayaguanero Zacar\u00edas Bonnat, quien admiti\u00f3 \u201cque despu\u00e9s de ver los resultados obtenidos, me he convencido de que el trabajo rinde buenos frutos\u201d.<\/span><\/p>\n<p class=\"yiv1078691436MsoNormal\"><span lang=\"ES-DO\">Se mostr\u00f3 emocionado por \u201cdarle estos resultados a mi pa\u00eds, a mi federaci\u00f3n, a la familia, amigos, Ministerio de Deportes, al Comit\u00e9 Ol\u00edmpico, CRESO, a las Fuerzas Armadas y a mi comunidad de Bayaguana\u201d.<\/span><\/p>\n<p class=\"yiv1078691436MsoNormal\"><span lang=\"ES-DO\">Mientras que Santana mostr\u00f3 primero su agradecimiento a Dios \u201cpor darme esta maravillosa oportunidad de ganar una medalla ol\u00edmpica y despu\u00e9s a mi pa\u00eds, a la federaci\u00f3n y al gobierno por el respaldo ofrecido\u201d. Su deuda de gratitud tambi\u00e9n incluy\u00f3 a los profesionales de la prensa \u201cpor las cosas lindas que a diario escriben y hablan de nosotros los atletas\u201d.<\/span><\/p>\n<p class=\"yiv1078691436MsoNormal\"><span lang=\"ES-DO\">Reiter\u00f3 que su bronce es un sue\u00f1o hecho realidad \u201cno solo m\u00edo, si no de cada mujer dominicana\u201d.<\/span><\/p>\n<p class=\"yiv1078691436MsoNormal\"><span lang=\"ES-DO\">Santana es la primera mujer dominicana que gana una medalla ol\u00edmpica de manera individual y la segunda en general, tras la plata lograda en jornadas previas en los mismos Juegos por la velocista Marileidy Paulino, como miembro de la cuarteta mixta 4&#215;400.<\/span><\/p>\n","protected":false},"excerpt":{"rendered":"<p>La llegada madrugadora de los medallistas de pesas en Tokio 2020, Zacar\u00edas Bonnat y Crismery Santana, no impidi\u00f3 que un abarrotado Aeropuerto Internacional de Las Am\u00e9ricas se estremeciera.<\/p>\n","protected":false},"author":20,"featured_media":94779,"comment_status":"closed","ping_status":"closed","sticky":false,"template":"","format":"standard","meta":[],"categories":[3,2,79855,60],"tags":[79718,24267,80322],"acf":[],"_links":{"self":[{"href":"https:\/\/colimdo.org\/wp-api\/wp\/v2\/posts\/94778"}],"collection":[{"href":"https:\/\/colimdo.org\/wp-api\/wp\/v2\/posts"}],"about":[{"href":"https:\/\/colimdo.org\/wp-api\/wp\/v2\/types\/post"}],"author":[{"embeddable":true,"href":"https:\/\/colimdo.org\/wp-api\/wp\/v2\/users\/20"}],"replies":[{"embeddable":true,"href":"https:\/\/colimdo.org\/wp-api\/wp\/v2\/comments?post=94778"}],"version-history":[{"count":1,"href":"https:\/\/colimdo.org\/wp-api\/wp\/v2\/posts\/94778\/revisions"}],"predecessor-version":[{"id":94780,"href":"https:\/\/colimdo.org\/wp-api\/wp\/v2\/posts\/94778\/revisions\/94780"}],"wp:featuredmedia":[{"embeddable":true,"href":"https:\/\/colimdo.org\/wp-api\/wp\/v2\/media\/94779"}],"wp:attachment":[{"href":"https:\/\/colimdo.org\/wp-api\/wp\/v2\/media?parent=94778"}],"wp:term":[{"taxonomy":"category","embeddable":true,"href":"https:\/\/colimdo.org\/wp-api\/wp\/v2\/categories?post=94778"},{"taxonomy":"post_tag","embeddable":true,"href":"https:\/\/colimdo.org\/wp-api\/wp\/v2\/tags?post=94778"}],"curies":[{"name":"wp","href":"https:\/\/api.w.org\/{rel}","templated":true}]}}