{"id":94908,"date":"2021-08-13T04:34:36","date_gmt":"2021-08-13T04:34:36","guid":{"rendered":"https:\/\/colimdo.org\/?p=94908"},"modified":"2021-08-13T04:34:36","modified_gmt":"2021-08-13T04:34:36","slug":"llamas-paralimpicas-encendidas-japon-marcar-inicio-del-relevo-la-antorcha","status":"publish","type":"post","link":"https:\/\/colimdo.org\/noticias\/llamas-paralimpicas-encendidas-japon-marcar-inicio-del-relevo-la-antorcha\/","title":{"rendered":"Llamas Paral\u00edmpicas encendidas en Jap\u00f3n para marcar el inicio del Relevo de la Antorcha"},"content":{"rendered":"<p>El jueves se llevaron a cabo las ceremonias de la llama en todo Jap\u00f3n, ya que el enfoque cambia a los Juegos Paral\u00edmpicos, que comienzan el 24 de agosto.<\/p>\n<p>One Flame se encendi\u00f3 en el monumento Light of Hope en Rikuzentakata, en Iwate, una de las prefecturas m\u00e1s afectadas por el terremoto y el tsunami de 2011.<\/p>\n<p>La encendi\u00f3 Miu Takahashi, de 21 a\u00f1os, una trabajadora de un hogar de ancianos que naci\u00f3 con par\u00e1lisis cerebral.<\/p>\n<p>El monumento contiene una Llama que a su vez fue transferida de un monumento erigido en Kobe despu\u00e9s de un terremoto conocido como el gran desastre de Hanshin.<\/p>\n<p>&#8220;Fue un gran honor pasar el fuego como la Llama Paral\u00edmpica&#8221;, dijo Takahashi a Kyodo News despu\u00e9s de encender la linterna de la Llama con un cono.<\/p>\n<p>&#8220;Tiene una larga historia desde el gran terremoto de Hanshin.<\/p>\n<p>La l\u00edder del grupo de residentes locales, Naomi Fujiwara, agreg\u00f3: &#8220;Cuando la gente vea la Llama, espero que recuerden que contiene nuestras oraciones por las almas de las v\u00edctimas y nuestros deseos de reconstrucci\u00f3n&#8221;.<\/p>\n<p>Mientras tanto, una peque\u00f1a ceremonia en Tono, tambi\u00e9n en Iwate, estaba abierta al p\u00fablico.<\/p>\n<p>&#8220;Quer\u00edamos tener un grupo diverso de personas, j\u00f3venes y ancianos, ciudadanos no japoneses y personas con discapacidades, para participar en el evento&#8221;, dijo un funcionario.<\/p>\n<p>Las llamas de las 47 prefecturas se unir\u00e1n en Tokio la pr\u00f3xima semana con una especialmente encendida en Stoke Mandeville en Gran Breta\u00f1a, que se considera el hogar espiritual de los Juegos Paral\u00edmpicos.<\/p>\n<p>Fue aqu\u00ed donde el cirujano Sir Ludwig Guttmann concibi\u00f3 por primera vez los Juegos Paral\u00edmpicos para ayudar a la rehabilitaci\u00f3n de aquellos que hab\u00edan sufrido una discapacidad f\u00edsica durante la Segunda Guerra Mundial.<\/p>\n<p>Un caldero dise\u00f1ado por estudiantes locales y Festive Road, una compa\u00f1\u00eda de artes al aire libre, se utilizar\u00e1 para la ceremonia el 19 de agosto.<\/p>\n<p>&#8220;Este trabajo especialmente encargado se ha completado y el caldero ser\u00e1 una parte integral de la ceremonia y el evento de celebraci\u00f3n del patrimonio m\u00e1s amplio del Relevo de la Antorcha Paral\u00edmpica de Tokio 2020 y los futuros Relevos de la Antorcha Paral\u00edmpica&#8221;, dijo Clive Harriss, miembro del gabinete del Consejo del Condado de Buckinghamshire.<\/p>\n<p>&#8220;Es fant\u00e1stico que podamos reconocer y celebrar a Buckinghamshire como el lugar de nacimiento del Movimiento Paral\u00edmpico con otra ceremonia de encendido de la llama del Patrimonio Paral\u00edmpico&#8221;.<\/p>\n<p>Aunque el Relevo de la Antorcha para los Juegos Paral\u00edmpicos tiene una duraci\u00f3n mucho m\u00e1s corta, el estado de emergencia y las medidas contra el coronavirus han llevado a las autoridades de la ciudad de Tokio a realizarlo fuera de la carretera de manera similar al Relevo de la Antorcha Ol\u00edmpica.<\/p>\n<p>&#8220;Hab\u00edamos planeado realizar el Relevo de la Antorcha Paral\u00edmpica en Tokio con unos 700 portadores de la antorcha&#8221;, dijo el funcionario del Gobierno Metropolitano de Tokio, Koichi Osakabe, a Agence France Presse .<\/p>\n<p>&#8220;Debido al estado de emergencia, decidimos no hacer el relevo en la v\u00eda p\u00fablica&#8221;.<\/p>\n<p>El relevo se llevar\u00e1 a cabo del 17 al 24 de agosto y se llevar\u00e1 a cabo a trav\u00e9s de las \u00e1reas habilitadas para albergar eventos en los Juegos.<\/p>\n","protected":false},"excerpt":{"rendered":"<p>El jueves se llevaron a cabo las ceremonias de la llama en todo Jap\u00f3n, ya que el enfoque cambia a los Juegos Paral\u00edmpicos, que comienzan el 24 de agosto.<\/p>\n","protected":false},"author":20,"featured_media":94909,"comment_status":"closed","ping_status":"closed","sticky":false,"template":"","format":"standard","meta":[],"categories":[2,79855,60],"tags":[79718,80740],"acf":[],"_links":{"self":[{"href":"https:\/\/colimdo.org\/wp-api\/wp\/v2\/posts\/94908"}],"collection":[{"href":"https:\/\/colimdo.org\/wp-api\/wp\/v2\/posts"}],"about":[{"href":"https:\/\/colimdo.org\/wp-api\/wp\/v2\/types\/post"}],"author":[{"embeddable":true,"href":"https:\/\/colimdo.org\/wp-api\/wp\/v2\/users\/20"}],"replies":[{"embeddable":true,"href":"https:\/\/colimdo.org\/wp-api\/wp\/v2\/comments?post=94908"}],"version-history":[{"count":1,"href":"https:\/\/colimdo.org\/wp-api\/wp\/v2\/posts\/94908\/revisions"}],"predecessor-version":[{"id":94910,"href":"https:\/\/colimdo.org\/wp-api\/wp\/v2\/posts\/94908\/revisions\/94910"}],"wp:featuredmedia":[{"embeddable":true,"href":"https:\/\/colimdo.org\/wp-api\/wp\/v2\/media\/94909"}],"wp:attachment":[{"href":"https:\/\/colimdo.org\/wp-api\/wp\/v2\/media?parent=94908"}],"wp:term":[{"taxonomy":"category","embeddable":true,"href":"https:\/\/colimdo.org\/wp-api\/wp\/v2\/categories?post=94908"},{"taxonomy":"post_tag","embeddable":true,"href":"https:\/\/colimdo.org\/wp-api\/wp\/v2\/tags?post=94908"}],"curies":[{"name":"wp","href":"https:\/\/api.w.org\/{rel}","templated":true}]}}