{"id":94990,"date":"2021-08-15T15:14:29","date_gmt":"2021-08-15T15:14:29","guid":{"rendered":"https:\/\/colimdo.org\/?p=94990"},"modified":"2021-08-15T15:23:16","modified_gmt":"2021-08-15T15:23:16","slug":"albis-jose-castro-matos-gana-medalla-bronce-panamericano-junior-judo-colombia","status":"publish","type":"post","link":"https:\/\/colimdo.org\/noticias\/albis-jose-castro-matos-gana-medalla-bronce-panamericano-junior-judo-colombia\/","title":{"rendered":"Albis Jos\u00e9 Castro Matos gana medalla de  bronce  en Panamericano Junior de Judo de Colombia"},"content":{"rendered":"<p style=\"font-weight: 400;\"><strong>COLOMBIA.-<\/strong>\u00a0El dominicano Albis Jos\u00e9 Castro Matos gan\u00f3 la medalla de bronce en la divisi\u00f3n de -81 kilogramos del Campeonato Panamericano y Sudamericano Junior de Cadetes celebrado en la capital de este pa\u00eds con la presencia de los mejores exponentes del continente.<\/p>\n<p style=\"font-weight: 400;\">Se trata del primer logro importante en la carrera del joven judoka, al participar por primera vez en un evento del nivel continental.<\/p>\n<p style=\"font-weight: 400;\">Castro Matos gan\u00f3 sus dos primeros combates para colarse a la ronda de medallas, y en su semifinal fue superado por el peruano Jos\u00e9 Saavedra Bobadilla, quien termin\u00f3 derrotado en la final por el brasile\u00f1o Marcos Santos, ganador de la presea de oro.<\/p>\n<p style=\"font-weight: 400;\">El quisqueyano se hizo con la presea de bronce venciendo al ecuatoriano Jonhelius Petete. Comenz\u00f3 el evento derrotando por ippon a Diego Noguera, de Paraguay.<\/p>\n<p style=\"font-weight: 400;\">Junto al dominicano, el otro ganador de medalla de la divisi\u00f3n fue el estadounidense Dominic Rodr\u00edguez, quien super\u00f3 al mexicano Javier Rojas.<\/p>\n<p style=\"font-weight: 400;\">Castro Marte se mostr\u00f3 complacido con su logro. Sostuvo que \u201ces un motivo para seguir super\u00e1ndome e intentar conseguir mejores resultados en el futuro inmediato\u201d.<\/p>\n<p style=\"font-weight: 400;\">\u00a0Calific\u00f3 de muy elevado el nivel t\u00e9cnico y competitivo del campeonato. Indic\u00f3 que el haber enfrentado a rivales de mucha m\u00e1s experiencia le ayudar\u00e1 en el futuro cuando se le presente la oportunidad de representar a su pa\u00eds.<\/p>\n<p style=\"font-weight: 400;\">El atleta agradeci\u00f3 el respaldo de sus entrenadores, de la Federaci\u00f3n Dominicana de Judo y su presidente Gilberto Garc\u00eda, y de manera especial de sus padres Bienvenido Ramos Viola y Shila Matos.<\/p>\n<p style=\"font-weight: 400;\">\u201cHa sido una experiencia enriquecedora que me ayudar\u00e1 bastante en el futuro a corto, mediano y largo plazo en mi deseo de poder representar a mi pa\u00eds en eventos oficiales como Juegos Centroamericanos, Panamericanos y en las olimpiadas. Para eso trabajo y con el favor de Dios espero poder lograr esos objetivos\u201d, enfatiz\u00f3 el atleta, quien representa a la Polic\u00eda Nacional en las competencias de los Juegos Deportivos Militares.<\/p>\n","protected":false},"excerpt":{"rendered":"<p>El dominicano Albis Jos\u00e9 Castro Matos gan\u00f3 la medalla de bronce en la divisi\u00f3n de -81 kilogramos del Campeonato Panamericano y Sudamericano Junior de Cadetes.<\/p>\n","protected":false},"author":20,"featured_media":94991,"comment_status":"closed","ping_status":"closed","sticky":false,"template":"","format":"standard","meta":[],"categories":[3,2,60],"tags":[79718,24284],"acf":[],"_links":{"self":[{"href":"https:\/\/colimdo.org\/wp-api\/wp\/v2\/posts\/94990"}],"collection":[{"href":"https:\/\/colimdo.org\/wp-api\/wp\/v2\/posts"}],"about":[{"href":"https:\/\/colimdo.org\/wp-api\/wp\/v2\/types\/post"}],"author":[{"embeddable":true,"href":"https:\/\/colimdo.org\/wp-api\/wp\/v2\/users\/20"}],"replies":[{"embeddable":true,"href":"https:\/\/colimdo.org\/wp-api\/wp\/v2\/comments?post=94990"}],"version-history":[{"count":1,"href":"https:\/\/colimdo.org\/wp-api\/wp\/v2\/posts\/94990\/revisions"}],"predecessor-version":[{"id":94992,"href":"https:\/\/colimdo.org\/wp-api\/wp\/v2\/posts\/94990\/revisions\/94992"}],"wp:featuredmedia":[{"embeddable":true,"href":"https:\/\/colimdo.org\/wp-api\/wp\/v2\/media\/94991"}],"wp:attachment":[{"href":"https:\/\/colimdo.org\/wp-api\/wp\/v2\/media?parent=94990"}],"wp:term":[{"taxonomy":"category","embeddable":true,"href":"https:\/\/colimdo.org\/wp-api\/wp\/v2\/categories?post=94990"},{"taxonomy":"post_tag","embeddable":true,"href":"https:\/\/colimdo.org\/wp-api\/wp\/v2\/tags?post=94990"}],"curies":[{"name":"wp","href":"https:\/\/api.w.org\/{rel}","templated":true}]}}