{"id":95055,"date":"2021-08-17T19:57:01","date_gmt":"2021-08-17T19:57:01","guid":{"rendered":"https:\/\/colimdo.org\/?p=95055"},"modified":"2021-08-17T19:57:57","modified_gmt":"2021-08-17T19:57:57","slug":"miderec-premiara-atletas-paralimpicos-tokio-2020-mismos-montos-convencionales","status":"publish","type":"post","link":"https:\/\/colimdo.org\/noticias\/miderec-premiara-atletas-paralimpicos-tokio-2020-mismos-montos-convencionales\/","title":{"rendered":"Miderec premiar\u00e1 atletas paral\u00edmpicos Tokio 2020 con mismos montos que convencionales"},"content":{"rendered":"<p style=\"font-weight: 400;\"><strong>SANTO DOMINGO.-<\/strong> El ministro de Deportes Francisco Camacho anunci\u00f3 a la delegaci\u00f3n dominicana que competir\u00e1 en los Juegos Paral\u00edmpicos de Tokio 2020, que otorgar\u00e1 los mismos premios que se ofreci\u00f3 a los atletas convencionales de los reci\u00e9n pasados Juegos Ol\u00edmpicos donde los criollos conquistaron cinco medallas.<\/p>\n<p><iframe loading=\"lazy\" width=\"500\" height=\"281\" src=\"https:\/\/www.youtube.com\/embed\/Y-fDjiIYgSw?feature=oembed\" frameborder=\"0\" allow=\"accelerometer; autoplay; clipboard-write; encrypted-media; gyroscope; picture-in-picture\" allowfullscreen><\/iframe><\/p>\n<p style=\"font-weight: 400;\">Camacho dio la grata noticia al abanderar este martes a la delegaci\u00f3n compuesta por cinco atletas paral\u00edmpicos y un gu\u00eda, que se convierten en la mayor cantidad que haya asistido a una edici\u00f3n similar en toda la historia del paralimpismo dominicano.<\/p>\n<p style=\"font-weight: 400;\">La delegaci\u00f3n parte este mi\u00e9rcoles 18 de agosto. Los Juegos ser\u00e1n celebrados del 24 de agosto al 5 de septiembre.<\/p>\n<p style=\"font-weight: 400;\">\u201cComo la delegaci\u00f3n anterior nos llen\u00f3 de \u00e9xito, as\u00ed esperamos que esta haga lo mismo y bajo las mismas condiciones que nuestra delegaci\u00f3n a los (reci\u00e9n pasados) Juegos Ol\u00edmpicos Tokyo 2020: 12 millones de pesos por medalla de oro, ocho por plata, seis por bronce\u201d, anunci\u00f3 Camacho en la despedida de la delegaci\u00f3n paral\u00edmpica en el Ministerio de Deportes.<\/p>\n<p style=\"font-weight: 400;\">Al acto cont\u00f3 con la presencia del presidente del Comit\u00e9 Paral\u00edmpico Dominicano (Copadom), Eladio Agramonte; y Rafael Blanco, quien encabeza el grupo que apoya a los atletas paral\u00edmpicos por parte del programa Creando Sue\u00f1os Ol\u00edmpicos (Creso)<\/p>\n<p style=\"font-weight: 400;\">La comitiva la conforman dos de atletismo, Luis Andr\u00e9s V\u00e1squez y Darlenys de la Cruz y su gu\u00eda Erick Alexander Garc\u00eda Lluberes; de nataci\u00f3n Lourdes Alejandra Aybar y Patricio An\u00edbal L\u00f3pez Fern\u00e1ndez; y en pesas Jos\u00e9 Manuel Abud Coronado, quien se encuentra en Espa\u00f1a y partir\u00e1 desde all\u00ed a Tokio. Los abanderados de la delegaci\u00f3n son Aybar y L\u00f3pez Fern\u00e1ndez.<\/p>\n<p style=\"font-weight: 400;\">La delegaci\u00f3n la completan Eladio Agramonte y Rafael Blanco, los entrenadores Freddy Yunior Montero, Ana Mar\u00eda Peralta, G\u00e1lvez Capriles y Mar\u00eda Carvajal, as\u00ed como los directivos Bienvenido Zorrilla, secretario general del Copadom; Alberto Alm\u00e1nzar, jefe de Misi\u00f3n; el jefe m\u00e9dico Willian Duke; Claudia P\u00e9rez, t\u00e9cnico COVID-19 y Jos\u00e9 Lucio Est\u00e9vez, fisioterapeuta.<\/p>\n<p style=\"font-weight: 400;\">\u201cDesde que llegamos al Gobierno hemos tenido la instrucci\u00f3n del se\u00f1or presidente Luis Abinader de apoyar al deporte. Pero todo el deporte, un deporte inclusivo, como el presidente nos lo ha pedido; por eso, al igual que nuestra delegaci\u00f3n que hace unos d\u00edas nos llen\u00f3 de gloria, asimismo hemos cumplido con esta delegaci\u00f3n, entregando recursos para sus entrenamientos y clasificaciones\u201d, puntualiz\u00f3.<\/p>\n<p style=\"font-weight: 400;\">Camacho pidi\u00f3 bendiciones para la delegaci\u00f3n y les garantiz\u00f3 que seguir\u00e1 teniendo el apoyo \u201cde nuestro Gobierno y de este ministerio\u201d.<\/p>\n<p style=\"font-weight: 400;\">Blanco felicit\u00f3 a los atletas y asegur\u00f3 que har\u00e1n su papel en Tokio y \u201crepresentar\u00e1n al pa\u00eds dignamente en estos Juegos Paral\u00edmpicos\u201d.<\/p>\n<p style=\"font-weight: 400;\">Agradeci\u00f3 tambi\u00e9n a las empresas socias de CRESO por el aporte realizado \u201cy que han hecho posible todo este esfuerzo para complementar los recursos, que usted ministro ha aportado\u201d.<\/p>\n<p style=\"font-weight: 400;\"><strong>Alianza p\u00fablico-privada<\/strong><\/p>\n<p style=\"font-weight: 400;\"><strong>\u00a0<\/strong><\/p>\n<p style=\"font-weight: 400;\">Agramonte en su condici\u00f3n de presidente de Copadom agradeci\u00f3 al Ministerio de Deportes, as\u00ed como a la divisi\u00f3n paral\u00edmpica del Creso, representada por Blanco..<\/p>\n<p style=\"font-weight: 400;\">Tanto el Ministerio de Deportes como Creando Sue\u00f1os Ol\u00edmpicos aportaron los fondos para que los deportistas logren sus respectivas clasificaciones a los Paral\u00edmpicos. \u201cYo pienso que esta es la real muestra de lo que es una alianza p\u00fablico-privada a favor, en este caso, del deporte y de inclusi\u00f3n social de personas con discapacidades\u201d, dijo Agramonte.<\/p>\n<p style=\"font-weight: 400;\">Tanto el Miderec, como Creso aportaron en los \u00faltimos cuatro meses 14 millones de pesos, siete por cada instituci\u00f3n, para que cuatro de los cinco atletas (excepto Abud) lograran sus puestos a Tokio.<\/p>\n<p style=\"font-weight: 400;\">\u201cLos \u00faltimos cuatro meses han sido de vital importancia\u201d -dijo Agramonte- \u201cpara que hoy esta delegaci\u00f3n que representa a la Rep\u00fablica Dominicana en Tokio 2020 se haya duplicado con relaci\u00f3n a las participaciones paral\u00edmpicas en a\u00f1os anteriores\u201d.<\/p>\n<p style=\"font-weight: 400;\">El incremento es de dos a cinco atletas, \u201cen mejores condiciones, con recursos que no nos han faltado, han estado a tiempo, han sido suficientes y eso sucedi\u00f3 con mucha voluntad de un Estado responsable y empresas que saben lo que es la responsabilidad social\u201d, lo que agradeci\u00f3 Agramonte.<\/p>\n<p style=\"font-weight: 400;\">Alejandra Aybar<\/p>\n<p style=\"font-weight: 400;\">La atleta paral\u00edmpica, Alejandra Aybar habl\u00f3 en representaci\u00f3n de los atletas y dio gracias por el apoyo ofrecido tanto por el Miderec, como por el programa Creso.<\/p>\n<p style=\"font-weight: 400;\">\u201cEstoy extremadamente feliz y emocionada por la oportunidad que vamos a tener de representar nuestra bandera en los Juegos Paral\u00edmpicos de Tokio 2020\u201d, dijo la nadadora.<\/p>\n<p style=\"font-weight: 400;\">\u201cPero me hace sentir mucha emoci\u00f3n ver que estamos recibiendo apoyo y as\u00ed es como la inclusi\u00f3n luce para m\u00ed\u201d, sostuvo la atleta.<\/p>\n","protected":false},"excerpt":{"rendered":"<p>La delegaci\u00f3n dominicana que competir\u00e1 en los Juegos Paral\u00edmpicos de Tokio 2020 recibir\u00e1 los mismos premios que se ofreci\u00f3 a los atletas convencionales de los reci\u00e9n pasados Juegos Ol\u00edmpicos. <\/p>\n","protected":false},"author":20,"featured_media":95056,"comment_status":"closed","ping_status":"closed","sticky":false,"template":"","format":"standard","meta":[],"categories":[3,2,79855,60],"tags":[79718,80740,25580],"acf":[],"_links":{"self":[{"href":"https:\/\/colimdo.org\/wp-api\/wp\/v2\/posts\/95055"}],"collection":[{"href":"https:\/\/colimdo.org\/wp-api\/wp\/v2\/posts"}],"about":[{"href":"https:\/\/colimdo.org\/wp-api\/wp\/v2\/types\/post"}],"author":[{"embeddable":true,"href":"https:\/\/colimdo.org\/wp-api\/wp\/v2\/users\/20"}],"replies":[{"embeddable":true,"href":"https:\/\/colimdo.org\/wp-api\/wp\/v2\/comments?post=95055"}],"version-history":[{"count":2,"href":"https:\/\/colimdo.org\/wp-api\/wp\/v2\/posts\/95055\/revisions"}],"predecessor-version":[{"id":95058,"href":"https:\/\/colimdo.org\/wp-api\/wp\/v2\/posts\/95055\/revisions\/95058"}],"wp:featuredmedia":[{"embeddable":true,"href":"https:\/\/colimdo.org\/wp-api\/wp\/v2\/media\/95056"}],"wp:attachment":[{"href":"https:\/\/colimdo.org\/wp-api\/wp\/v2\/media?parent=95055"}],"wp:term":[{"taxonomy":"category","embeddable":true,"href":"https:\/\/colimdo.org\/wp-api\/wp\/v2\/categories?post=95055"},{"taxonomy":"post_tag","embeddable":true,"href":"https:\/\/colimdo.org\/wp-api\/wp\/v2\/tags?post=95055"}],"curies":[{"name":"wp","href":"https:\/\/api.w.org\/{rel}","templated":true}]}}