{"id":95158,"date":"2021-08-20T15:04:53","date_gmt":"2021-08-20T15:04:53","guid":{"rendered":"https:\/\/colimdo.org\/?p=95158"},"modified":"2021-08-20T15:04:53","modified_gmt":"2021-08-20T15:04:53","slug":"atletas-expresan-sentir-al-incluidos-plan-nacional-vivienda-familia-feliz","status":"publish","type":"post","link":"https:\/\/colimdo.org\/noticias\/atletas-expresan-sentir-al-incluidos-plan-nacional-vivienda-familia-feliz\/","title":{"rendered":"Atletas expresan su sentir al ser incluidos en el Plan Nacional Vivienda Familia Feliz"},"content":{"rendered":"<p><strong>David A. Hern\u00e1ndez, SANTO DOMINGO.-<\/strong> La vida de varios atletas dominicanos que participaron en los Juegos Ol\u00edmpicos de Tokio le dar\u00e1 un cambio tras recibir la noticia de que ser\u00e1n incluidos en el \u201cPlan Nacional Vivienda Familia Feliz\u201d por parte de la Presidencia de la Rep\u00fablica Dominicana.<\/p>\n<p>El ministro de la Presidencia, Lisandro Macarrulla, anunci\u00f3 que los deportistas sin vivienda propia ser\u00e1n beneficiados con el plan estatal.<\/p>\n<p>El Plan Nacional de Vivienda Familia Feliz es una iniciativa del Estado Dominicano que tiene como objetivo lograr seguridad, salud, calidad de vida y bienestar familiar mediante el acceso a una vivienda digna.<\/p>\n<p>El p\u00fagil Euri Cede\u00f1o, quien lleg\u00f3 a cuartos de final en los 69-75 kilos de Tokio 2020, expres\u00f3 su sentir luego de mantenerse por varios d\u00edas reclamando una vivienda.<\/p>\n<p>\u201cFue una noticia emocionante porque es una de las cosas que m\u00e1s pujaba, que nos reconocieran para salir de la precariedad. Me siento feliz por la orden del Presidente\u201d, expres\u00f3 Cede\u00f1o.<\/p>\n<p>El romanense dijo que el hecho es una muestra de avance, ya que se est\u00e1 tomado en cuenta a los atletas que no obtuvieron medallas.<\/p>\n<p>Otro que se mostr\u00f3 alegre fue el remero Ignacio V\u00e1squez, quien termin\u00f3 en el puesto 25 de 32 remeros que accionaron en Tokio 2020 en la modalidad skiff.<\/p>\n<p>\u201cPara mi es una gran noticia porque no tengo vivienda propia. Ya con una tendr\u00e9 un mejor desempe\u00f1o y m\u00e1s positivo para competir\u201d indic\u00f3 el nativo de Sabana del Puerto, Bonao.<\/p>\n","protected":false},"excerpt":{"rendered":"<p>El ministro de la Presidencia, Lisandro Macarrulla, anunci\u00f3 que los deportistas sin vivienda propia ser\u00e1n beneficiados con el plan estatal.<\/p>\n","protected":false},"author":20,"featured_media":95159,"comment_status":"closed","ping_status":"closed","sticky":false,"template":"","format":"standard","meta":[],"categories":[3,2,60],"tags":[79718],"acf":[],"_links":{"self":[{"href":"https:\/\/colimdo.org\/wp-api\/wp\/v2\/posts\/95158"}],"collection":[{"href":"https:\/\/colimdo.org\/wp-api\/wp\/v2\/posts"}],"about":[{"href":"https:\/\/colimdo.org\/wp-api\/wp\/v2\/types\/post"}],"author":[{"embeddable":true,"href":"https:\/\/colimdo.org\/wp-api\/wp\/v2\/users\/20"}],"replies":[{"embeddable":true,"href":"https:\/\/colimdo.org\/wp-api\/wp\/v2\/comments?post=95158"}],"version-history":[{"count":1,"href":"https:\/\/colimdo.org\/wp-api\/wp\/v2\/posts\/95158\/revisions"}],"predecessor-version":[{"id":95160,"href":"https:\/\/colimdo.org\/wp-api\/wp\/v2\/posts\/95158\/revisions\/95160"}],"wp:featuredmedia":[{"embeddable":true,"href":"https:\/\/colimdo.org\/wp-api\/wp\/v2\/media\/95159"}],"wp:attachment":[{"href":"https:\/\/colimdo.org\/wp-api\/wp\/v2\/media?parent=95158"}],"wp:term":[{"taxonomy":"category","embeddable":true,"href":"https:\/\/colimdo.org\/wp-api\/wp\/v2\/categories?post=95158"},{"taxonomy":"post_tag","embeddable":true,"href":"https:\/\/colimdo.org\/wp-api\/wp\/v2\/tags?post=95158"}],"curies":[{"name":"wp","href":"https:\/\/api.w.org\/{rel}","templated":true}]}}