{"id":95177,"date":"2021-08-20T21:31:36","date_gmt":"2021-08-20T21:31:36","guid":{"rendered":"https:\/\/colimdo.org\/?p=95177"},"modified":"2021-08-20T21:31:36","modified_gmt":"2021-08-20T21:31:36","slug":"inauguran-juegos-deportivo-cadetes-guardiamarinas","status":"publish","type":"post","link":"https:\/\/colimdo.org\/noticias\/inauguran-juegos-deportivo-cadetes-guardiamarinas\/","title":{"rendered":"Inauguran Juegos Deportivo de Cadetes y Guardiamarinas"},"content":{"rendered":"<p style=\"font-weight: 400;\"><strong>SANTO DOMINGO.<\/strong>&#8211; La versi\u00f3n 24 de los Juegos Deportivos de Cadetes y Guardiamarinas, dedicados Mayor General (r) Julio C\u00e9sar Ramos Troncoso, ERD., fueron\u00a0 inaugurados\u00a0 con la presencia del alto mando militar del pa\u00eds, encabezado por el Ministro de Defensa, teniente general\u00a0 Carlos Luciano D\u00edaz Morfa, \u00a0en un acto que tuvo como escenario la explanada Direcci\u00f3n General de Educaci\u00f3n, Capacitaci\u00f3n y Entrenamiento, ERD., en San Isidro.<\/p>\n<p style=\"font-weight: 400;\">Bajo estrictos controles de salubridad, debido a la pandemia del Covid-19, la organizaci\u00f3n de este evento, el C\u00edrculo Deportivo de las Fuerzas Armadas y la Polic\u00eda Nacional, presidido por el Mayor General Piloto, Elvis MArcelino F\u00e9liz P\u00e9rez, FARD., inici\u00f3 esta jornada atl\u00e9tica.<\/p>\n<p style=\"font-weight: 400;\">Cumpliendo con los lineamientos se\u00f1alados por el Ministro de Defensa, \u00a0DIAZ MORFA, ERD., en torno a los protocolos de salud, el evento dio apertura con el desfile de los participantes de las cuatro academias castrenses del pa\u00eds. Fuerzas Armadas y Polic\u00eda Nacional.<\/p>\n<p style=\"font-weight: 400;\">El presidente del Comit\u00e9 Organizador de la justa, \u00a0capit\u00e1n de Nav\u00edo, Augusto Lizardo Gonz\u00e1lez, ARD, solicit\u00f3 el permiso correspondiente al Ministro de Defensa \u00a0para iniciar el evento.<\/p>\n<p style=\"font-weight: 400;\">El coronel Humberto el \u00a0Ramos Feliz, ERD. Director de la Academia Batalla de las Carreras, pronunci\u00f3 \u00a0las palabras de bienvenidas a los presentes y participantes.<\/p>\n<p style=\"font-weight: 400;\">En este orden el Mayor General Feliz P\u00e9rez, dio el discurso central del acto.<\/p>\n<p style=\"font-weight: 400;\">Lizardo Gonz\u00e1lez, tuvo a su cargo la lectura de la semblanza del homenajeado del evento, Ramos Troncoso, a quien el Ministro D\u00edaz Morfa y el Presidente del C\u00edrculo, \u00a0Feliz n P\u00e9rez, entregaron la antorcha simb\u00f3lica de los 24 Juegos de Cadetes y guardiasmarinas.<\/p>\n<p style=\"font-weight: 400;\">El cadete de cuarto a\u00f1o Kenet \u00a0Brandle Reynoso, FARD, tom\u00f3 el juramento a los participantes.<\/p>\n<p style=\"font-weight: 400;\">El ministro D\u00edaz Morfa tuvo la proclama oficial de apertura de los Juegos y al mismo tiempo aprovecho el momento para destacar las cualidades de militar y hombre probo del Mayor General (r) Ramos Troncoso de quien dijo debe ser\u00a0 imitado por sus dotes de oficial pulcro y honesto.<\/p>\n<p style=\"font-weight: 400;\">La direcci\u00f3n t\u00e9cnica del C\u00edrculo, as\u00ed como su departamento m\u00e9dico dise\u00f1aron un sistema de competencias y distanciamiento para el evento que fue presentado a las diferentes academias de futuros oficiales para ser implementado en el desarrollo del mismo.<\/p>\n<p style=\"font-weight: 400;\">El Mayor General Retirado Ramos Troncoso, fue presidente del C\u00edrculo Deportivo de las Fuerzas Armadas y la Polic\u00eda Nacional.\u00a0 En su trayectoria militar fue un hombre apasionado por los deportes, adem\u00e1s de haber sido director de la Academia Militar Batalla de las Carreras, donde adem\u00e1s fue un profesor e instructor por mucho tiempo.<\/p>\n<p style=\"font-weight: 400;\">\u00a0En el evento se estar\u00e1 compitiendo en las disciplinas de ajedrez, baloncesto, voleybol, softbol, f\u00fatbol, tenis de mesa, atletismo, nataci\u00f3n, tiro y atletismo.<\/p>\n<p style=\"font-weight: 400;\">Las representaciones que ver\u00e1n acci\u00f3n son: Academia Militar \u201cBatalla de las Carreras (Ej\u00e9rcito de Rep\u00fablica Dominicana), Academia Naval \u201cVicealmirante C\u00e9sar de Windt Lavandier\u201d (Armada de Rep\u00fablica Dominicana); Academia A\u00e9rea \u201cGeneral de Brigada Piloto Frank A. Feliz Miranda, (Fuerza A\u00e9rea de Rep\u00fablica Dominicana), y la Escuela para Cadetes Jos\u00e9 Rafael F\u00e9lix Hermida Gonz\u00e1lez de la Polic\u00eda Nacional.<\/p>\n<p style=\"font-weight: 400;\">Para el evento se ha preparado una sencilla, pero vistosa ceremonia de apertura la cual estar\u00e1 rigurosamente limitada la presencia de p\u00fablico e invitados.<\/p>\n<p style=\"font-weight: 400;\">La duraci\u00f3n de la justa es de alrededor de un mes y medio y se desarrollar\u00e1 en diferentes instalaciones deportivas del Gran Santo Domingo, as\u00ed como en las academias participantes.<\/p>\n","protected":false},"excerpt":{"rendered":"<p>SANTO DOMINGO.&#8211; La versi\u00f3n 24 de los Juegos Deportivos de Cadetes y Guardiamarinas, dedicados Mayor General (r) Julio C\u00e9sar Ramos Troncoso, ERD., fueron\u00a0 inaugurados\u00a0 con la presencia del alto mando militar del pa\u00eds, encabezado por el Ministro de Defensa, teniente general\u00a0 Carlos Luciano D\u00edaz Morfa, \u00a0en un acto que tuvo como escenario la explanada Direcci\u00f3n [&hellip;]<\/p>\n","protected":false},"author":20,"featured_media":95178,"comment_status":"closed","ping_status":"closed","sticky":false,"template":"","format":"standard","meta":[],"categories":[2,60],"tags":[80937,79718],"acf":[],"_links":{"self":[{"href":"https:\/\/colimdo.org\/wp-api\/wp\/v2\/posts\/95177"}],"collection":[{"href":"https:\/\/colimdo.org\/wp-api\/wp\/v2\/posts"}],"about":[{"href":"https:\/\/colimdo.org\/wp-api\/wp\/v2\/types\/post"}],"author":[{"embeddable":true,"href":"https:\/\/colimdo.org\/wp-api\/wp\/v2\/users\/20"}],"replies":[{"embeddable":true,"href":"https:\/\/colimdo.org\/wp-api\/wp\/v2\/comments?post=95177"}],"version-history":[{"count":1,"href":"https:\/\/colimdo.org\/wp-api\/wp\/v2\/posts\/95177\/revisions"}],"predecessor-version":[{"id":95179,"href":"https:\/\/colimdo.org\/wp-api\/wp\/v2\/posts\/95177\/revisions\/95179"}],"wp:featuredmedia":[{"embeddable":true,"href":"https:\/\/colimdo.org\/wp-api\/wp\/v2\/media\/95178"}],"wp:attachment":[{"href":"https:\/\/colimdo.org\/wp-api\/wp\/v2\/media?parent=95177"}],"wp:term":[{"taxonomy":"category","embeddable":true,"href":"https:\/\/colimdo.org\/wp-api\/wp\/v2\/categories?post=95177"},{"taxonomy":"post_tag","embeddable":true,"href":"https:\/\/colimdo.org\/wp-api\/wp\/v2\/tags?post=95177"}],"curies":[{"name":"wp","href":"https:\/\/api.w.org\/{rel}","templated":true}]}}