{"id":95205,"date":"2021-08-21T20:30:43","date_gmt":"2021-08-21T20:30:43","guid":{"rendered":"https:\/\/colimdo.org\/?p=95205"},"modified":"2021-08-21T20:52:57","modified_gmt":"2021-08-21T20:52:57","slug":"fedoarcu-reconoce-federaciones-medallista-tokio-2020","status":"publish","type":"post","link":"https:\/\/colimdo.org\/noticias\/fedoarcu-reconoce-federaciones-medallista-tokio-2020\/","title":{"rendered":"Fedoarcu reconoce federaciones medallistas en Tokio 2020"},"content":{"rendered":"<p class=\"x_MsoNormal\"><b>SANTO DOMINGO.-\u00a0<\/b>En el marco de la celebraci\u00f3n del D\u00eda Mundial del Folklore, la Federaci\u00f3n Dominicana de Arte y Cultura (Fedoarcu) reconoci\u00f3 la labor de las tres federaciones medallistas en los reci\u00e9n acabados Juegos Ol\u00edmpicos de Tokio 2020.<\/p>\n<p class=\"x_MsoNormal\">Representantes de las federaciones de atletismo, b\u00e9isbol y pesas recogieron las placas que honran las cinco medallas logradas para la Rep\u00fablica Dominicana en el certamen ol\u00edmpico.<\/p>\n<p class=\"x_MsoNormal\">El presidente de la Fedoarcu, ingeniero Pedro Julio Quezada, manifest\u00f3 que estos reconocimientos son parte del agradecimiento del movimiento cultural por poner en alto los s\u00edmbolos patrios en torneos internacionales.<\/p>\n<p class=\"x_MsoNormal\">\u201cSin su labor no podr\u00edamos decir que tuvimos cinco medallas en los Juegos. La Fedoarcu se siente orgullosa de poder reconocer su arduo trabajo\u201d, dijo el ingeniero en la actividad que se llev\u00f3 a cabo la ma\u00f1ana de este s\u00e1bado en las instalaciones del Comit\u00e9 Ol\u00edmpico Dominicano.<\/p>\n<p class=\"x_MsoNormal\">Asimismo el cantautor dominicano, Luis Segura, fue homenajeado como \u00edcono de la m\u00fasica popular por sus aportes a la cultura durante m\u00e1s de seis d\u00e9cadas como cantante de bachata.<\/p>\n<p class=\"x_MsoNormal\">Ram\u00f3n Leonardo, cantautor dominicano y Martha Ellen Davis antrop\u00f3loga e investigadora de la cultura dominicana, tambi\u00e9n fueron reconocidos como gestores de la cultura dominicana.<\/p>\n<p class=\"x_MsoNormal\">Antonio Acosta, presidente del Comit\u00e9 Ol\u00edmpico Dominicano, extendi\u00f3 unas palabras de felicitaciones por el acto que organiz\u00f3 la Fedoarcu en nombre de las federaciones y la cultura.<\/p>\n<p class=\"x_MsoNormal\">\u201cNunca debemos de olvidar lo que estamos viviendo en este sal\u00f3n. El D\u00eda Mundial del Folklore es una costumbre que forma parte de las actividades del COD. Muchas felicitaciones a Pedro Julio y todos los integrantes de la Fedoarcu\u201d, dijo el licenciado Acosta.<\/p>\n<p class=\"x_MsoNormal\">En el acto tambi\u00e9n asisti\u00f3 la directora del folklore del Ministerio de Cultura, Kenia Garc\u00eda, as\u00ed como el poseedor del r\u00e9cord Guinness de m\u00e1s parejas bailando merengue de manera sincronizada, el productor Alberto Zayas.<\/p>\n<p class=\"x_MsoNormal\"><b>\u00a0<\/b><b>Otros reconocimientos \u00a0<\/b><\/p>\n<p class=\"x_MsoNormal\">El Ballet Folkl\u00f3rico Ram\u00f3n Madora, de Azua, tambi\u00e9n fue honrado en la actividad por sus aportes por m\u00e1s de 4 d\u00e9cadas dedicado a difundir y recrear el folklore de la regi\u00f3n sur.\u00a0\u00a0Asimismo, el Carnaval de Bonao, representante de la identidad folcl\u00f3rica y cultural de ese municipio y la provincia Monse\u00f1or Nouel.<\/p>\n<p class=\"x_MsoNormal\">\n","protected":false},"excerpt":{"rendered":"<p>Representantes de las federaciones de atletismo, b\u00e9isbol y pesas recogieron las placas que honran las cinco medallas logradas en el certamen ol\u00edmpico.\u00a0<\/p>\n","protected":false},"author":19,"featured_media":95206,"comment_status":"closed","ping_status":"closed","sticky":false,"template":"","format":"standard","meta":[],"categories":[3,2],"tags":[79718],"acf":[],"_links":{"self":[{"href":"https:\/\/colimdo.org\/wp-api\/wp\/v2\/posts\/95205"}],"collection":[{"href":"https:\/\/colimdo.org\/wp-api\/wp\/v2\/posts"}],"about":[{"href":"https:\/\/colimdo.org\/wp-api\/wp\/v2\/types\/post"}],"author":[{"embeddable":true,"href":"https:\/\/colimdo.org\/wp-api\/wp\/v2\/users\/19"}],"replies":[{"embeddable":true,"href":"https:\/\/colimdo.org\/wp-api\/wp\/v2\/comments?post=95205"}],"version-history":[{"count":7,"href":"https:\/\/colimdo.org\/wp-api\/wp\/v2\/posts\/95205\/revisions"}],"predecessor-version":[{"id":95214,"href":"https:\/\/colimdo.org\/wp-api\/wp\/v2\/posts\/95205\/revisions\/95214"}],"wp:featuredmedia":[{"embeddable":true,"href":"https:\/\/colimdo.org\/wp-api\/wp\/v2\/media\/95206"}],"wp:attachment":[{"href":"https:\/\/colimdo.org\/wp-api\/wp\/v2\/media?parent=95205"}],"wp:term":[{"taxonomy":"category","embeddable":true,"href":"https:\/\/colimdo.org\/wp-api\/wp\/v2\/categories?post=95205"},{"taxonomy":"post_tag","embeddable":true,"href":"https:\/\/colimdo.org\/wp-api\/wp\/v2\/tags?post=95205"}],"curies":[{"name":"wp","href":"https:\/\/api.w.org\/{rel}","templated":true}]}}