{"id":95359,"date":"2021-08-25T18:33:22","date_gmt":"2021-08-25T18:33:22","guid":{"rendered":"https:\/\/colimdo.org\/?p=95359"},"modified":"2021-08-25T18:33:22","modified_gmt":"2021-08-25T18:33:22","slug":"abud-aybar-seran-primeros-competir-juegos-paralimpicos-tokio","status":"publish","type":"post","link":"https:\/\/colimdo.org\/noticias\/abud-aybar-seran-primeros-competir-juegos-paralimpicos-tokio\/","title":{"rendered":"Abud y Aybar ser\u00e1n primeros en competir en Juegos Paral\u00edmpicos de Tokio"},"content":{"rendered":"<p style=\"font-weight: 400;\"><strong>SANTO DOMINGO.-<\/strong>\u00a0Los para-atletas Jos\u00e9 Manuel Abud y Alejandra Aybar tendr\u00e1n la responsabildad de dar apertura a la participaci\u00f3n dominicana en los Juegos Paral\u00edmpicos de Tokio cuando salgan al ruedo este viernes 27.<\/p>\n<p style=\"font-weight: 400;\">Abud, para-levantador de pesas, competir\u00e1 en los 65 kilogramos, a las 5:30 de la ma\u00f1ana (hora dominicana), mientras que a las 8:12 de la noche, la para-nadadora Aybar lo har\u00e1 en los 100 metros pecho de la clase SB6.<\/p>\n<p style=\"font-weight: 400;\">Abud logr\u00f3 su boleto a Tokio 2020 tras encontrarse dentro de las 10 mejores marcas (145 kilos) al momento del corte clasificatorio, en junio.<\/p>\n<p style=\"font-weight: 400;\">En marzo levant\u00f3 135 kilos para conquistar medalla de plata en la Copa del Mundo celebrada en Bogot\u00e1, Colombia.<\/p>\n<p style=\"font-weight: 400;\">Aybar, abanderada de la Rep\u00fablica Dominicana, clasific\u00f3 luego de ganar medallas de plata en el IDM Berl\u00edn, Alemania, en los 50, 100 y 200 metros pecho en la clase SB6.<\/p>\n<p style=\"font-weight: 400;\"><strong>Dem\u00e1s competidores dominicanos<\/strong><\/p>\n<p style=\"font-weight: 400;\">Alejandra tambi\u00e9n nadar\u00e1 en Tokio 2020 en los 50 metros libres S8 y en los 100 metros mariposa S8, y el para-nadador L\u00f3pez lo har\u00e1 en los 50 metros pecho, clase SB2.<\/p>\n<p style=\"font-weight: 400;\">En para-atletismo, V\u00e1squez competir\u00e1 en la modalidad de 400 metros planos en la clase T47, mientras que De la Cruz lo har\u00e1 en los\u00a0100 metros\u00a0 T12 y 200 metros T12, en compa\u00f1\u00eda de su gu\u00eda Erick Garc\u00eda.<\/p>\n<p style=\"font-weight: 400;\">Tokio organiza este tipo de evento por segunda vez, luego de ser la sede en 1964, cuando los juegos se celebraban en una sede diferente a la de los Juegos Ol\u00edmpicos.<\/p>\n<p style=\"font-weight: 400;\">Un total de 22 deportes paral\u00edmpicos se est\u00e1n escenificando en la presente edici\u00f3n con la presencia de unos cuatro mil 520 deportistas de 163 pa\u00edses.<\/p>\n<p>En Atlanta 1996, el dominicano Robert Jim\u00e9nez conquist\u00f3 la presea dorada en los 200 metros planos T-12 con un tiempo de 22 segundos con 57 d\u00e9cimas, siendo hasta el momento la \u00fanica medalla con la que cuenta el pa\u00eds en la justa paral\u00edmpica.<\/p>\n<p style=\"font-weight: 400;\">\n","protected":false},"excerpt":{"rendered":"<p>Jos\u00e9 Manuel Abud y Alejandra Aybar ser\u00e1n los primeros dominicanos en actuar en los Juegos Paral\u00edmpicos de Tokio cuando salgan al ruedo este viernes 27.<\/p>\n","protected":false},"author":20,"featured_media":95360,"comment_status":"closed","ping_status":"closed","sticky":false,"template":"","format":"standard","meta":[],"categories":[3,2,79855,60],"tags":[79718,80740],"acf":[],"_links":{"self":[{"href":"https:\/\/colimdo.org\/wp-api\/wp\/v2\/posts\/95359"}],"collection":[{"href":"https:\/\/colimdo.org\/wp-api\/wp\/v2\/posts"}],"about":[{"href":"https:\/\/colimdo.org\/wp-api\/wp\/v2\/types\/post"}],"author":[{"embeddable":true,"href":"https:\/\/colimdo.org\/wp-api\/wp\/v2\/users\/20"}],"replies":[{"embeddable":true,"href":"https:\/\/colimdo.org\/wp-api\/wp\/v2\/comments?post=95359"}],"version-history":[{"count":1,"href":"https:\/\/colimdo.org\/wp-api\/wp\/v2\/posts\/95359\/revisions"}],"predecessor-version":[{"id":95361,"href":"https:\/\/colimdo.org\/wp-api\/wp\/v2\/posts\/95359\/revisions\/95361"}],"wp:featuredmedia":[{"embeddable":true,"href":"https:\/\/colimdo.org\/wp-api\/wp\/v2\/media\/95360"}],"wp:attachment":[{"href":"https:\/\/colimdo.org\/wp-api\/wp\/v2\/media?parent=95359"}],"wp:term":[{"taxonomy":"category","embeddable":true,"href":"https:\/\/colimdo.org\/wp-api\/wp\/v2\/categories?post=95359"},{"taxonomy":"post_tag","embeddable":true,"href":"https:\/\/colimdo.org\/wp-api\/wp\/v2\/tags?post=95359"}],"curies":[{"name":"wp","href":"https:\/\/api.w.org\/{rel}","templated":true}]}}