{"id":95422,"date":"2021-08-27T15:43:32","date_gmt":"2021-08-27T15:43:32","guid":{"rendered":"https:\/\/colimdo.org\/?p=95422"},"modified":"2021-08-27T15:55:55","modified_gmt":"2021-08-27T15:55:55","slug":"pesista-jose-manuel-abud-conquista-diploma-paralimpico-tokio-2020","status":"publish","type":"post","link":"https:\/\/colimdo.org\/noticias\/pesista-jose-manuel-abud-conquista-diploma-paralimpico-tokio-2020\/","title":{"rendered":"Para-pesista Jos\u00e9 Manuel Abud conquista Diploma Paral\u00edmpico en Tokio 2020"},"content":{"rendered":"<p><strong>David A. Hern\u00e1ndez, SANTO DOMINGO.-<\/strong> El dominicano Jos\u00e9 Manuel Abud conquist\u00f3 Diploma Paral\u00edmpico en Tokio 2020 tras finalizar en el s\u00e9ptimo lugar de los menos\u00a0\u00a065 kilogramos del certamen de para-levantamiento de pesas.<\/p>\n<p>Abud recibe la certificaci\u00f3n al levantar 145 kilos, quedando dentro de los ocho mejores registros de su categor\u00eda.<\/p>\n<p>La prueba fue dominada por el chino Lei Liu (198 kg), seguido del iran\u00ed Amir Jafari (195 kg) y el argelino Hocine Bettir (192 kg) ocup\u00f3 el tercer puesto.<\/p>\n<p>Jos\u00e9 Manuel adem\u00e1s se convirti\u00f3 en el primer representante del pa\u00eds en accionar durante la presente edici\u00f3n (XVI) de la cita paral\u00edmpica.<\/p>\n<p>La participaci\u00f3n de Abud es hist\u00f3rica para la Rep\u00fablica Dominicana, por ser la primera vez que compite un para-pesista nacional en unos Juegos Paral\u00edmpicos.<\/p>\n<p>El para-pesista quisqueyano, que accion\u00f3 por primera vez en una cita paral\u00edmpica, tuvo la mejor marca dentro de los representantes del continente americano, por encima del chileno Jorge Carinao, quien no pudo realizar la ejecuci\u00f3n.<\/p>\n<p>Este viernes, a partir de las 8:12 de noche, la para-nadadora Alejandra Aybar estar\u00e1 participando en los 100 metros pecho de la clase SB6, saliendo desde el carril siete de la serie 2.<\/p>\n","protected":false},"excerpt":{"rendered":"<p>Abud recibe la certificaci\u00f3n al levantar 145 kilos, quedando dentro de los ocho mejores registros de su categor\u00eda.<\/p>\n","protected":false},"author":20,"featured_media":95425,"comment_status":"closed","ping_status":"closed","sticky":false,"template":"","format":"standard","meta":[],"categories":[3,2,79855,60],"tags":[79718,80740],"acf":[],"_links":{"self":[{"href":"https:\/\/colimdo.org\/wp-api\/wp\/v2\/posts\/95422"}],"collection":[{"href":"https:\/\/colimdo.org\/wp-api\/wp\/v2\/posts"}],"about":[{"href":"https:\/\/colimdo.org\/wp-api\/wp\/v2\/types\/post"}],"author":[{"embeddable":true,"href":"https:\/\/colimdo.org\/wp-api\/wp\/v2\/users\/20"}],"replies":[{"embeddable":true,"href":"https:\/\/colimdo.org\/wp-api\/wp\/v2\/comments?post=95422"}],"version-history":[{"count":1,"href":"https:\/\/colimdo.org\/wp-api\/wp\/v2\/posts\/95422\/revisions"}],"predecessor-version":[{"id":95424,"href":"https:\/\/colimdo.org\/wp-api\/wp\/v2\/posts\/95422\/revisions\/95424"}],"wp:featuredmedia":[{"embeddable":true,"href":"https:\/\/colimdo.org\/wp-api\/wp\/v2\/media\/95425"}],"wp:attachment":[{"href":"https:\/\/colimdo.org\/wp-api\/wp\/v2\/media?parent=95422"}],"wp:term":[{"taxonomy":"category","embeddable":true,"href":"https:\/\/colimdo.org\/wp-api\/wp\/v2\/categories?post=95422"},{"taxonomy":"post_tag","embeddable":true,"href":"https:\/\/colimdo.org\/wp-api\/wp\/v2\/tags?post=95422"}],"curies":[{"name":"wp","href":"https:\/\/api.w.org\/{rel}","templated":true}]}}