{"id":95488,"date":"2021-08-29T15:29:54","date_gmt":"2021-08-29T15:29:54","guid":{"rendered":"https:\/\/colimdo.org\/?p=95488"},"modified":"2021-08-29T15:29:54","modified_gmt":"2021-08-29T15:29:54","slug":"la-villa-paralimpica-golpeada-dos-casos-mas-coronavirus-tokio","status":"publish","type":"post","link":"https:\/\/colimdo.org\/noticias\/la-villa-paralimpica-golpeada-dos-casos-mas-coronavirus-tokio\/","title":{"rendered":"La Villa Paral\u00edmpica golpeada por dos casos m\u00e1s de coronavirus en Tokio"},"content":{"rendered":"<div class=\"article-preview\">\n<p>Otros dos atletas dieron positivo por coronavirus dentro de la Villa Paral\u00edmpica, seg\u00fan confirmaron las autoridades de Tokio 2020.<\/p>\n<\/div>\n<p>Los individuos no identificados son los primeros casos que se identifican en el complejo residencial desde el 26 de agosto, habiendo tenido dos d\u00edas en los que no se report\u00f3 ninguno.<\/p>\n<p>Los dos casos elevaron el n\u00famero total dentro de la Villa Paral\u00edmpica a 15, incluidos siete atletas.<\/p>\n<p>Los dem\u00e1s eran personal interesado en los Juegos, que abarca a los afiliados al Comit\u00e9 Ol\u00edmpico Internacional, el Comit\u00e9 Paral\u00edmpico Internacional (IPC), los Comit\u00e9s Ol\u00edmpicos Nacionales, los Comit\u00e9s Paral\u00edmpicos Nacionales y las Federaciones Internacionales.<\/p>\n<p>Hoy, Tokio 2020 ha informado de 11 casos, incluidos dos atletas, un personal relacionado con los Juegos, un miembro de los medios de comunicaci\u00f3n y siete contratistas.<\/p>\n<p>El n\u00famero total de casos relacionados con los Juegos Paral\u00edmpicos asciende ahora a 230 desde el 12 de agosto<\/p>\n","protected":false},"excerpt":{"rendered":"<p>Otros dos atletas dieron positivo por coronavirus dentro de la Villa Paral\u00edmpica, seg\u00fan confirmaron las autoridades de Tokio 2020.<\/p>\n","protected":false},"author":19,"featured_media":95489,"comment_status":"closed","ping_status":"closed","sticky":false,"template":"","format":"standard","meta":[],"categories":[2,79855],"tags":[79718,81203],"acf":[],"_links":{"self":[{"href":"https:\/\/colimdo.org\/wp-api\/wp\/v2\/posts\/95488"}],"collection":[{"href":"https:\/\/colimdo.org\/wp-api\/wp\/v2\/posts"}],"about":[{"href":"https:\/\/colimdo.org\/wp-api\/wp\/v2\/types\/post"}],"author":[{"embeddable":true,"href":"https:\/\/colimdo.org\/wp-api\/wp\/v2\/users\/19"}],"replies":[{"embeddable":true,"href":"https:\/\/colimdo.org\/wp-api\/wp\/v2\/comments?post=95488"}],"version-history":[{"count":1,"href":"https:\/\/colimdo.org\/wp-api\/wp\/v2\/posts\/95488\/revisions"}],"predecessor-version":[{"id":95490,"href":"https:\/\/colimdo.org\/wp-api\/wp\/v2\/posts\/95488\/revisions\/95490"}],"wp:featuredmedia":[{"embeddable":true,"href":"https:\/\/colimdo.org\/wp-api\/wp\/v2\/media\/95489"}],"wp:attachment":[{"href":"https:\/\/colimdo.org\/wp-api\/wp\/v2\/media?parent=95488"}],"wp:term":[{"taxonomy":"category","embeddable":true,"href":"https:\/\/colimdo.org\/wp-api\/wp\/v2\/categories?post=95488"},{"taxonomy":"post_tag","embeddable":true,"href":"https:\/\/colimdo.org\/wp-api\/wp\/v2\/tags?post=95488"}],"curies":[{"name":"wp","href":"https:\/\/api.w.org\/{rel}","templated":true}]}}