{"id":95535,"date":"2021-08-31T02:36:46","date_gmt":"2021-08-31T02:36:46","guid":{"rendered":"https:\/\/colimdo.org\/?p=95535"},"modified":"2021-08-31T02:36:46","modified_gmt":"2021-08-31T02:36:46","slug":"leones-entrega-utiles-escolares-ninos-san-carlos-villa-consuelo","status":"publish","type":"post","link":"https:\/\/colimdo.org\/noticias\/leones-entrega-utiles-escolares-ninos-san-carlos-villa-consuelo\/","title":{"rendered":"Leones entrega \u00fatiles escolares a ni\u00f1os de San Carlos y Villa Consuelo"},"content":{"rendered":"<p style=\"font-weight: 400;\"><strong>SANTO DOMINGO.-<\/strong>\u00a0Como muestra del compromiso con la sociedad, la franquicia de Leones de Santo Domingo don\u00f3 \u00fatiles escolares a las ni\u00f1as y ni\u00f1os en los clubes San Carlos y Rafael Barias de Villa Consuelo.<\/p>\n<p style=\"font-weight: 400;\">\n<p style=\"font-weight: 400;\">La entrega fue realizada por Juan Guill\u00e9n, gerente de operaciones del equipo junto a los jugadores L.J. Figueroa, Manuel Fortuna, Eulis Baez, Daniel de la Cruz, as\u00ed como los refuerzos Kennedy Jones, Marlon Taylor y Duby Okeke, con la presencia del viceministro de la presidencia, Alberto Rodr\u00edguez, como invitado en la actividad.<\/p>\n<p style=\"font-weight: 400;\">\n<p style=\"font-weight: 400;\">Los importados se mostraron muy entusiasmados al entregar los \u00fatiles a los infantes del club San Carlos, donde Taylor hizo una exhibici\u00f3n de donqueo.<\/p>\n<p style=\"font-weight: 400;\">\n<p style=\"font-weight: 400;\">Luis Acevedo, presidente del club, agradeci\u00f3 a la franquicia de Leones por tomar en cuenta a los ni\u00f1os del sector.<\/p>\n<p style=\"font-weight: 400;\">\n<p style=\"font-weight: 400;\">En el Barias, los nativos del club compartieron con los ni\u00f1os en medio de un divertido ambiente.<\/p>\n<p style=\"font-weight: 400;\">\n<p style=\"font-weight: 400;\">Fortuna, capit\u00e1n de los Leones y nativo de Villa Consuelo, se mostr\u00f3 agradecido por acudir a su comunidad a brindar esta ayuda en momentos en que se avecina el inicio del a\u00f1o escolar.<\/p>\n<p style=\"font-weight: 400;\">\n<p style=\"font-weight: 400;\">\u201cEsto es parte de nuestro compromiso social como franquicia. Con esta entrega ayudamos a los padres para que cada ni\u00f1o y ni\u00f1a puedan asistir a las clases\u201d, se\u00f1al\u00f3 el gerente.<\/p>\n<p style=\"font-weight: 400;\">\n<p style=\"font-weight: 400;\">Durante el acto, Guill\u00e9n resalt\u00f3 que el deporte y la educaci\u00f3n deben ir de la mano.<\/p>\n<p style=\"font-weight: 400;\">\n<p style=\"font-weight: 400;\">El conjunto inform\u00f3 que otros lugares de la capital ser\u00e1n visitados para brindar este tipo de acercamiento con la comunidad y ser\u00e1n anunciados m\u00e1s adelante.<\/p>\n","protected":false},"excerpt":{"rendered":"<p>Como muestra del compromiso con la sociedad, la franquicia de Leones de Santo Domingo don\u00f3 \u00fatiles escolares a las ni\u00f1as y ni\u00f1os en los clubes San Carlos y Rafael Barias de Villa Consuelo.<\/p>\n","protected":false},"author":20,"featured_media":95536,"comment_status":"closed","ping_status":"closed","sticky":false,"template":"","format":"standard","meta":[],"categories":[2,60],"tags":[79718,24391,79887],"acf":[],"_links":{"self":[{"href":"https:\/\/colimdo.org\/wp-api\/wp\/v2\/posts\/95535"}],"collection":[{"href":"https:\/\/colimdo.org\/wp-api\/wp\/v2\/posts"}],"about":[{"href":"https:\/\/colimdo.org\/wp-api\/wp\/v2\/types\/post"}],"author":[{"embeddable":true,"href":"https:\/\/colimdo.org\/wp-api\/wp\/v2\/users\/20"}],"replies":[{"embeddable":true,"href":"https:\/\/colimdo.org\/wp-api\/wp\/v2\/comments?post=95535"}],"version-history":[{"count":1,"href":"https:\/\/colimdo.org\/wp-api\/wp\/v2\/posts\/95535\/revisions"}],"predecessor-version":[{"id":95537,"href":"https:\/\/colimdo.org\/wp-api\/wp\/v2\/posts\/95535\/revisions\/95537"}],"wp:featuredmedia":[{"embeddable":true,"href":"https:\/\/colimdo.org\/wp-api\/wp\/v2\/media\/95536"}],"wp:attachment":[{"href":"https:\/\/colimdo.org\/wp-api\/wp\/v2\/media?parent=95535"}],"wp:term":[{"taxonomy":"category","embeddable":true,"href":"https:\/\/colimdo.org\/wp-api\/wp\/v2\/categories?post=95535"},{"taxonomy":"post_tag","embeddable":true,"href":"https:\/\/colimdo.org\/wp-api\/wp\/v2\/tags?post=95535"}],"curies":[{"name":"wp","href":"https:\/\/api.w.org\/{rel}","templated":true}]}}