{"id":95547,"date":"2021-08-31T18:37:40","date_gmt":"2021-08-31T18:37:40","guid":{"rendered":"https:\/\/colimdo.org\/?p=95547"},"modified":"2021-08-31T18:40:07","modified_gmt":"2021-08-31T18:40:07","slug":"dxc-dara-apoyo-peticion-del-cod-favor-aumentos-recursos-al-deporte","status":"publish","type":"post","link":"https:\/\/colimdo.org\/noticias\/dxc-dara-apoyo-peticion-del-cod-favor-aumentos-recursos-al-deporte\/","title":{"rendered":"DXC dar\u00e1 apoyo petici\u00f3n del COD en favor de aumentos recursos al deporte"},"content":{"rendered":"<p><strong>SANTO DOMINGO.- <\/strong>El Partido Dominicano del Cambio (DXC) se mostr\u00f3 positivo ante la petici\u00f3n del Comit\u00e9 Ol\u00edmpico Dominicano (COD) de aumentar los recursos a las federaciones deportivas nacionales y los atletas de alto rendimiento.<\/p>\n<p>En una visita girada por una comitiva COD,\u00a0 encabezada por su presidente Antonio Acosta, a las instalaciones del\u00a0DXC, anunciaron que unir\u00e1n esfuerzos en favor de la actividad f\u00edsica en la Rep\u00fablica Dominicana.<\/p>\n<p>Manuel Oviedo, titular del partido, manifest\u00f3 estar a disposici\u00f3n para colaborar en uni\u00f3n al COD para que las necesidades del movimiento deportivo est\u00e9n totalmente cubiertas.<\/p>\n<p>\u201cReafirmamos el compromiso que tenemos como instituci\u00f3n de promover al deporte. Que la actividad f\u00edsica sea mejor atendido porque ese es el futuro para las mejores y futuras generaciones\u201d, estableci\u00f3 Oviedo al momento de tomar la palabra en la junta.<\/p>\n<p>Acosta se\u00f1al\u00f3 sentirse \u201caltamente satisfecho por el recibimiento de los ministros\u201d, al tiempo que a\u00f1adi\u00f3 que, \u201cese requerimiento al Gobierno dominicano es una ayuda para los h\u00e9roes de la actividad f\u00edsica del pa\u00eds que son los dirigentes y los atletas\u201d.<\/p>\n<p>El alto dirigente ol\u00edmpico anunci\u00f3 que, envi\u00f3 una carta al Senado de la Rep\u00fablica Dominicana, ingeniero Eduardo Estrella, para ser recibido en su despacho, con la intenci\u00f3n de tocar diversos temas para la mejora del quehacer deportivo.<\/p>\n<p>&nbsp;<\/p>\n<p>Adem\u00e1s Oviedo y Acosta, de en la reuni\u00f3n tambi\u00e9n estuvo presente el secretario general del COD, Gilberto Garc\u00eda; el diputado por la provincia de Santiago, circunscripci\u00f3n n\u00famero dos Braulio Espinal y Mateo Espaillat, diputado por Santiago, circunscripci\u00f3n n\u00famero uno.<\/p>\n","protected":false},"excerpt":{"rendered":"<p>El COD y el DXC anunciaron que unir\u00e1n esfuerzos en favor de la actividad f\u00edsica en la Rep\u00fablica Dominicana.<\/p>\n","protected":false},"author":19,"featured_media":95555,"comment_status":"closed","ping_status":"closed","sticky":false,"template":"","format":"standard","meta":[],"categories":[3,2],"tags":[79718,81284],"acf":[],"_links":{"self":[{"href":"https:\/\/colimdo.org\/wp-api\/wp\/v2\/posts\/95547"}],"collection":[{"href":"https:\/\/colimdo.org\/wp-api\/wp\/v2\/posts"}],"about":[{"href":"https:\/\/colimdo.org\/wp-api\/wp\/v2\/types\/post"}],"author":[{"embeddable":true,"href":"https:\/\/colimdo.org\/wp-api\/wp\/v2\/users\/19"}],"replies":[{"embeddable":true,"href":"https:\/\/colimdo.org\/wp-api\/wp\/v2\/comments?post=95547"}],"version-history":[{"count":1,"href":"https:\/\/colimdo.org\/wp-api\/wp\/v2\/posts\/95547\/revisions"}],"predecessor-version":[{"id":95556,"href":"https:\/\/colimdo.org\/wp-api\/wp\/v2\/posts\/95547\/revisions\/95556"}],"wp:featuredmedia":[{"embeddable":true,"href":"https:\/\/colimdo.org\/wp-api\/wp\/v2\/media\/95555"}],"wp:attachment":[{"href":"https:\/\/colimdo.org\/wp-api\/wp\/v2\/media?parent=95547"}],"wp:term":[{"taxonomy":"category","embeddable":true,"href":"https:\/\/colimdo.org\/wp-api\/wp\/v2\/categories?post=95547"},{"taxonomy":"post_tag","embeddable":true,"href":"https:\/\/colimdo.org\/wp-api\/wp\/v2\/tags?post=95547"}],"curies":[{"name":"wp","href":"https:\/\/api.w.org\/{rel}","templated":true}]}}