{"id":95574,"date":"2021-09-01T01:40:14","date_gmt":"2021-09-01T01:40:14","guid":{"rendered":"https:\/\/colimdo.org\/?p=95574"},"modified":"2021-09-01T19:26:32","modified_gmt":"2021-09-01T19:26:32","slug":"diputados-favorecen-aumento-presupuestario-al-sector-deporte","status":"publish","type":"post","link":"https:\/\/colimdo.org\/noticias\/diputados-favorecen-aumento-presupuestario-al-sector-deporte\/","title":{"rendered":"Diputados favorecen aumento presupuestario al sector deporte"},"content":{"rendered":"<p class=\"yiv8824487741MsoNoSpacing\"><b><span lang=\"ES-DO\">SANTO DOMINGO.-<\/span><\/b><span lang=\"ES-DO\">\u00a0Los bloques de diputados de los partidos Frente Amplio (FA) y Quisqueyano Dem\u00f3crata Cristiano (PQDC) aseguraron que el deporte dominicano merece un incremento en la asignaci\u00f3n del Presupuesto Nacional. \u00a0<\/span><\/p>\n<p><iframe loading=\"lazy\" width=\"500\" height=\"281\" src=\"https:\/\/www.youtube.com\/embed\/hlv-fbkZMOk?feature=oembed\" frameborder=\"0\" allow=\"accelerometer; autoplay; clipboard-write; encrypted-media; gyroscope; picture-in-picture\" allowfullscreen><\/iframe><\/p>\n<p class=\"yiv8824487741MsoNoSpacing\">Ambos partidos manifestaron su apoyo al Comit\u00e9 Ol\u00edmpico Dominicano (COD) en la b\u00fasqueda de un aumento de recursos para que el movimiento deportivo eleve su nivel.<\/p>\n<p class=\"yiv8824487741MsoNoSpacing\">El diputado nacional y secretario general del FA, Juan Dionicio Rodr\u00edguez Restituyo, expres\u00f3 que el compromiso de su partido con el deporte dominicano \u201cno es pose\u201d y asegur\u00f3 que acompa\u00f1ar\u00e1 al COD en su cruzada.<\/p>\n<p class=\"yiv8824487741MsoNoSpacing\">Las palabras del dirigente pol\u00edtico se produjeron durante una visita girada al Congreso Nacional por el presidente del COD, Antonio Acosta, as\u00ed como por el secretario general de la entidad, Gilberto Garc\u00eda, la ma\u00f1ana de este martes.<\/p>\n<p class=\"yiv8824487741MsoNoSpacing\"><span lang=\"ES-DO\">\u201cHemos crecido deportivamente y no podemos retroceder\u201d, dijo Rodr\u00edguez Restituyo, al referirse a las cinco medallas obtenidas por la Rep\u00fablica Dominicana en los reci\u00e9n finalizados Juegos Ol\u00edmpicos de Tokio 2020. \u00a0<\/span><\/p>\n<p class=\"yiv8824487741MsoNoSpacing\">Agreg\u00f3 que es una misi\u00f3n de los congresistas poner atenci\u00f3n al deporte y a la cultura para \u201cno sucumbir como sociedad\u201d.<\/p>\n<p class=\"yiv8824487741MsoNoSpacing\"><img decoding=\"async\" loading=\"lazy\" class=\"alignnone size-full wp-image-95603\" src=\"https:\/\/storage.googleapis.com\/colimdo-media\/2021\/09\/26c02535-visita-cod-a-elias-wessin.jpeg\" alt=\"\" width=\"1280\" height=\"828\" srcset=\"https:\/\/colimdo.org\/wp-content\/uploads\/2021\/09\/26c02535-visita-cod-a-elias-wessin.jpeg 1280w, https:\/\/colimdo.org\/wp-content\/uploads\/2021\/09\/26c02535-visita-cod-a-elias-wessin-300x194.jpeg 300w, https:\/\/colimdo.org\/wp-content\/uploads\/2021\/09\/26c02535-visita-cod-a-elias-wessin-768x497.jpeg 768w, https:\/\/colimdo.org\/wp-content\/uploads\/2021\/09\/26c02535-visita-cod-a-elias-wessin-1024x662.jpeg 1024w, https:\/\/colimdo.org\/wp-content\/uploads\/2021\/09\/26c02535-visita-cod-a-elias-wessin-367x236.jpeg 367w\" sizes=\"(max-width: 1280px) 100vw, 1280px\" \/>El\u00edas Wessin Ch\u00e1vez, diputado nacional y presidente del PQDC, tambi\u00e9n mostr\u00f3 su respaldo a la propuesta sugerida por las autoridades del COD.<\/p>\n<p class=\"yiv8824487741MsoNoSpacing\">\u201cSolidariamente estaremos del lado del deporte.\u00a0<span lang=\"ES-DO\">Trabajaremos para apoyar el deporte y provocar un aumento en la asignaci\u00f3n que recibe\u201d asegur\u00f3 el ex titular de Deportes. \u00a0<\/span><\/p>\n<p class=\"yiv8824487741MsoNoSpacing\"><span lang=\"ES-DO\">Se\u00f1al\u00f3 que la mejor credencial que presenta el movimiento ol\u00edmpico en estos momentos son los resultados que tuvo la delegaci\u00f3n dominicana en la cita ol\u00edmpica multideportiva. \u00a0<\/span><\/p>\n<p class=\"yiv8824487741MsoNoSpacing\">Acosta, en su intervenci\u00f3n, record\u00f3 a los dirigentes pol\u00edticos que el camino hacia los Juegos Ol\u00edmpicos de Par\u00eds 2024 inici\u00f3, y que para superar la actuaci\u00f3n de Tokio se necesitan m\u00e1s recursos.<\/p>\n<p><span lang=\"ES-DO\">Estas visitas forman parte de un grupo de reuniones que llevan a cabo los ejecutivos del COD con la sociedad pol\u00edtica en post de promover y favorecer un incremento presupuestario para el sector deportivo.\u00a0<\/span><\/p>\n","protected":false},"excerpt":{"rendered":"<p>Los bloques de diputados de los partidos Frente Amplio y Quisqueyano Dem\u00f3crata Cristiano aseguraron que el deporte dominicano merece un incremento en la asignaci\u00f3n del Presupuesto Nacional.<\/p>\n","protected":false},"author":20,"featured_media":95575,"comment_status":"closed","ping_status":"closed","sticky":false,"template":"","format":"standard","meta":[],"categories":[3,2,60],"tags":[79718],"acf":[],"_links":{"self":[{"href":"https:\/\/colimdo.org\/wp-api\/wp\/v2\/posts\/95574"}],"collection":[{"href":"https:\/\/colimdo.org\/wp-api\/wp\/v2\/posts"}],"about":[{"href":"https:\/\/colimdo.org\/wp-api\/wp\/v2\/types\/post"}],"author":[{"embeddable":true,"href":"https:\/\/colimdo.org\/wp-api\/wp\/v2\/users\/20"}],"replies":[{"embeddable":true,"href":"https:\/\/colimdo.org\/wp-api\/wp\/v2\/comments?post=95574"}],"version-history":[{"count":4,"href":"https:\/\/colimdo.org\/wp-api\/wp\/v2\/posts\/95574\/revisions"}],"predecessor-version":[{"id":95612,"href":"https:\/\/colimdo.org\/wp-api\/wp\/v2\/posts\/95574\/revisions\/95612"}],"wp:featuredmedia":[{"embeddable":true,"href":"https:\/\/colimdo.org\/wp-api\/wp\/v2\/media\/95575"}],"wp:attachment":[{"href":"https:\/\/colimdo.org\/wp-api\/wp\/v2\/media?parent=95574"}],"wp:term":[{"taxonomy":"category","embeddable":true,"href":"https:\/\/colimdo.org\/wp-api\/wp\/v2\/categories?post=95574"},{"taxonomy":"post_tag","embeddable":true,"href":"https:\/\/colimdo.org\/wp-api\/wp\/v2\/tags?post=95574"}],"curies":[{"name":"wp","href":"https:\/\/api.w.org\/{rel}","templated":true}]}}