{"id":95623,"date":"2021-09-02T03:27:54","date_gmt":"2021-09-02T03:27:54","guid":{"rendered":"https:\/\/colimdo.org\/?p=95623"},"modified":"2021-09-02T03:54:59","modified_gmt":"2021-09-02T03:54:59","slug":"juan-chalas-recibe-distincion-cinturon-9vo-dan-la-ijf","status":"publish","type":"post","link":"https:\/\/colimdo.org\/noticias\/juan-chalas-recibe-distincion-cinturon-9vo-dan-la-ijf\/","title":{"rendered":"Juan Chalas recibe distinci\u00f3n \u201cCintur\u00f3n 8vo dan\u201d de la IJF"},"content":{"rendered":"<p>Juan Chalas rebosa de felicidad. Y no es para menos. M\u00e1s que celebrar 50 a\u00f1os de haber iniciado su carrera en el judo, recibir la distinci\u00f3n de \u201cCintur\u00f3n 8vo dan\u201d por parte de la Federaci\u00f3n Internacional de Judo (IJF por sus siglas en ingl\u00e9s) es un orgullo para el inmortal del deporte dominicano.<\/p>\n<p>\u201cEste es un reconocimiento a la perseverancia, a la pasi\u00f3n que uno siempre le pone al judo y realmente lo que me conlleva es un mayor compromiso de seguir aportando, de seguir trabajando, seguir haciendo las cosas que hay que hacer para mejorar el judo en la Rep\u00fablica Dominicana\u201d, manifest\u00f3 Chalas al momento de recibir el reconocimiento de Gilberto Garc\u00eda, presidente de la Federaci\u00f3n Dominicana de Judo (Fedojudo).<\/p>\n<p>Agradeci\u00f3 a Fedojudo que tuvo a su cargo la evaluaci\u00f3n y sometimiento de la solicitud a la Confederaci\u00f3n Panamericana de Judo, quien a su vez lo elev\u00f3 a la IJF, responsables de otorgar este tipo de distinci\u00f3n.<\/p>\n<p>\u201cEste ascenso de grado para mi es todo un honor y a la vez convertirme en el primer dominicano vivo con esta distinci\u00f3n de 8vo dan en la actualidad, de la cual esperemos sigan llegando\u201d, dijo Chalas, quien fue elevado al Sal\u00f3n de la Fama del Deporte Dominicano en el ceremonial de 2003.<\/p>\n<p>Manifest\u00f3 que esta distinci\u00f3n, la primera que recibe un judoca dominicano, le motiva a seguir educando e incentivando, a trav\u00e9s del judo, a que la juventud sean mejores personas para la sociedad.<\/p>\n<p>\u201cM\u00e1s que todo, es un reconocimiento al trabajo, a mi desarrollo a trav\u00e9s de todos estos a\u00f1os aportando al judo a nivel nacional\u201d, se\u00f1al\u00f3 el veterano se\u00f1al\u00f3 el veterano atleta.<\/p>\n<p>Chalas fue un destacado judoca que particip\u00f3 en m\u00faltiples competencias nacionales e internacionales. Medallista de bronce en los Juegos Centroamericanos y del Caribe Santo Domingo 1974, siendo el primer judoca dominicano en obtener preseas en este tipo de evento. Gan\u00f3 medalla de bronce en los Juegos Centroamericanos y del Caribe de Medell\u00edn, Colombia, en 1978. Asisti\u00f3 a los Juegos Panamericanos de 1975 en M\u00e9xico y a los de Puerto Rico en 1979.<\/p>\n<p>\u201cMientras tenga vida no me voy a retirar porque el judo me mantiene vivo. Son de las cosas que realmente te dan ansias de seguir viviendo porque sientes que est\u00e1s haciendo algo para la juventud, para personas que realmente tienen la necesidad muchas veces de tener esa ense\u00f1anza, ese acercamiento, esa disciplina, de todo lo que engendra la filosof\u00eda y los principios del judo, me alegra de ser parte de todo eso\u201d, puntualiz\u00f3 Chalas.<\/p>\n","protected":false},"excerpt":{"rendered":"<p>Juan Chalas celebra 50 a\u00f1os de haber iniciado su carrera en el judo, recibiendo la distinci\u00f3n de \u201cCintur\u00f3n 8vo dan\u201d por parte de la Federaci\u00f3n Internacional de Judo. <\/p>\n","protected":false},"author":20,"featured_media":95624,"comment_status":"closed","ping_status":"closed","sticky":false,"template":"","format":"standard","meta":[],"categories":[3,2,60],"tags":[81350,79718,24284],"acf":[],"_links":{"self":[{"href":"https:\/\/colimdo.org\/wp-api\/wp\/v2\/posts\/95623"}],"collection":[{"href":"https:\/\/colimdo.org\/wp-api\/wp\/v2\/posts"}],"about":[{"href":"https:\/\/colimdo.org\/wp-api\/wp\/v2\/types\/post"}],"author":[{"embeddable":true,"href":"https:\/\/colimdo.org\/wp-api\/wp\/v2\/users\/20"}],"replies":[{"embeddable":true,"href":"https:\/\/colimdo.org\/wp-api\/wp\/v2\/comments?post=95623"}],"version-history":[{"count":2,"href":"https:\/\/colimdo.org\/wp-api\/wp\/v2\/posts\/95623\/revisions"}],"predecessor-version":[{"id":95626,"href":"https:\/\/colimdo.org\/wp-api\/wp\/v2\/posts\/95623\/revisions\/95626"}],"wp:featuredmedia":[{"embeddable":true,"href":"https:\/\/colimdo.org\/wp-api\/wp\/v2\/media\/95624"}],"wp:attachment":[{"href":"https:\/\/colimdo.org\/wp-api\/wp\/v2\/media?parent=95623"}],"wp:term":[{"taxonomy":"category","embeddable":true,"href":"https:\/\/colimdo.org\/wp-api\/wp\/v2\/categories?post=95623"},{"taxonomy":"post_tag","embeddable":true,"href":"https:\/\/colimdo.org\/wp-api\/wp\/v2\/tags?post=95623"}],"curies":[{"name":"wp","href":"https:\/\/api.w.org\/{rel}","templated":true}]}}