{"id":95662,"date":"2021-09-03T04:46:14","date_gmt":"2021-09-03T04:46:14","guid":{"rendered":"https:\/\/colimdo.org\/?p=95662"},"modified":"2021-09-03T04:46:14","modified_gmt":"2021-09-03T04:46:14","slug":"inauguran-la-liga-nacional-desarrollo-u22","status":"publish","type":"post","link":"https:\/\/colimdo.org\/noticias\/inauguran-la-liga-nacional-desarrollo-u22\/","title":{"rendered":"Inauguran la Liga Nacional de Desarrollo U22"},"content":{"rendered":"<p style=\"font-weight: 400;\"><strong>SANTO DOMINGO.-<\/strong> El presidente del comit\u00e9 organizador de la Liga Nacional de Desarrollo U22, Wellington Arnaud, resalt\u00f3 la celebraci\u00f3n del torneo de esa categor\u00eda, el cual se inaugur\u00f3 este jueves en el Palacio de los Deportes Virgilio Travieso Soto.<\/p>\n<p style=\"font-weight: 400;\">Destac\u00f3 que el actual torneo es un espacio para que los j\u00f3venes avancen en el progreso del su juego y se\u00f1al\u00f3 que \u201cesto es un gran sue\u00f1o hecho realidad\u201d, adem\u00e1s de que \u201ces un privilegio pertenecer a esta familia\u201d.<\/p>\n<p style=\"font-weight: 400;\">El torneo est\u00e1 dedicado a Rafael -Fei- Duquela, primer \u00e1rbitro con licencia FIBA y a quien se le entreg\u00f3 una placa de reconocimiento<\/p>\n<p style=\"font-weight: 400;\">En la actividad estuvieron presentes parte de los integrantes de la selecci\u00f3n\u00a0sub16, que clasific\u00f3 el domingo pasado al Mundial sub17, lo cual resalt\u00f3 el tambi\u00e9n director de Instituto Nacional de Aguas Potables y Alcantarillados (Inapa).<\/p>\n<p style=\"font-weight: 400;\">Dijo que una vez los jugadores desarrollen su nivel y est\u00e9n en otras ligas, es importante que mantengan el apego a la selecci\u00f3n, porque \u201ces un honor llevar el nombre de la Rep\u00fablica Dominicana en el pecho\u201d.<\/p>\n<p style=\"font-weight: 400;\">El presidente de la Federaci\u00f3n Dominicana de Baloncesto, Rafael Uribe este es el espacio para conocer los j\u00f3venes jugadores dominicanos como \u201ca los que nacieron en la di\u00e1spora\u201d, que \u201cen esta liga podr\u00e1n desarrollar su juego\u201d. Eso incluye jugadores de Estados Unidos, los que est\u00e1n en Europa y aquellos que nacieron aqu\u00ed y se fueron temprano a estudiar en las escuelas estadounidenses.<\/p>\n<p style=\"font-weight: 400;\">Al compararlo con el \u00e1mbito educativo dijo que esta liga viene siendo como el bachillerato de \u201cnuestro baloncesto\u201d, en el sentido de que \u201cten\u00edamos ese vac\u00edo, los muchachos sal\u00edan de nuestras categor\u00edas juveniles y saltaban al profesionalismo a un torneo superior y muchas veces teniendo el talento se quedaban rezagados en un equipo superior y no desarrollaban su juego con esta liga esos j\u00f3venes van a tener ese espacio, m\u00e1s de 300 j\u00f3venes van a estar en esta liga\u201d.<\/p>\n<p style=\"font-weight: 400;\">El federado agreg\u00f3 que como tal \u201ctenemos un dolor de cabeza agradable\u201d, dado que \u201cen nuestras oficinas m\u00e1s de 34 solicitudes de equipos y m\u00e1s de ocho provincias que quieren un equipo de la Liga\u201d. En la mesa principal Uribe tambi\u00e9n estuvo acompa\u00f1ado por el director t\u00e9cnico de la Fedombal, Jos\u00e9 \u2013Ma\u00edta- Merceces.<\/p>\n<p style=\"font-weight: 400;\">Manifest\u00f3 que \u201ceste es un ensayo, nos vamos a equivocar, pero no con el inter\u00e9s de equivocarnos, sino de arreglar las cosas en el camino\u201d.<\/p>\n<p style=\"font-weight: 400;\">A la apertura asistieron tambi\u00e9n el viceministro de Deportes, Kenedy Vargas, en representaci\u00f3n del ministro de Deportes Francisco Camacho; los inmortales del deporte, Fei Duquela, fundador de la comisi\u00f3n nacional del minibaloncesto; Iv\u00e1n Mieses, entre otros.<\/p>\n<p style=\"font-weight: 400;\">Primer partido<\/p>\n<p style=\"font-weight: 400;\">En el primer partido, Diego Col\u00f3n anot\u00f3 18 puntos para comandar la ofensiva de los Coloniales del Distrito Nacional que se impusieron 68-62 a Caoba City.<\/p>\n<p style=\"font-weight: 400;\">El partido comenz\u00f3 parejo, pero seg\u00fan fue avanzando, los Coloniales encontraron mejor ritmo hasta finalizar el encuentro. Manuel Garc\u00eda sum\u00f3 12 puntos. Elian Torre ocho y 11 rebotes.<\/p>\n<p style=\"font-weight: 400;\">Por Caoba, Bryan Gonz\u00e1lez marc\u00f3 21 y Yefri Brito 18. Enmanuel Labata marc\u00f3 6 t 11 rebotes.<\/p>\n<p style=\"font-weight: 400;\">Fue el juego de apertura de la Liga. A segunda hora, Mauricio B\u00e1ez y Truenos de Cristo Rey protaganizaban\u00a0el segundo encuentro.<\/p>\n<p style=\"font-weight: 400;\">\n<p style=\"font-weight: 400;\">Sobre el torneo<\/p>\n<p style=\"font-weight: 400;\">Cada equipo agotar\u00e1 una serie regular de diez partidos que ser\u00e1n: Seis con los rivales de su divisi\u00f3n (uno como due\u00f1o de casa y otro como visitante) y cuatro con franquicias ubicadas en la otra divisi\u00f3n de su misma conferencia (dos como due\u00f1o de casa y dos como visitante).<\/p>\n<p style=\"font-weight: 400;\">Los ubicados en el quinto y sexto puesto de cada conferencia mantendr\u00e1 su membres\u00eda en la Primera Divisi\u00f3n de la LND, que tendr\u00e1 acenso y descenso tomando el comportamiento de los equipos de Segunda Divisi\u00f3n.<\/p>\n<p style=\"font-weight: 400;\">Las franquicias que culminen la ronda regular en s\u00e9ptimo y octavo puesto de sus conferencias ir\u00e1n a choques cruzados y los ganadores permanecer\u00e1n tambi\u00e9n en la Primera Divisi\u00f3n, mientras que los dos perdedores descender\u00e1n a la Segunda Divisi\u00f3n.<\/p>\n<p style=\"font-weight: 400;\">\n<p style=\"font-weight: 400;\">Franquicias<\/p>\n<p style=\"font-weight: 400;\">La Divisi\u00f3n A contar\u00e1 con el Club Mauricio B\u00e1ez y Truenos de Cristo Rey, ambos del Distrito Nacional, Astros de La Vega y Club Domingo Paulino (CDP) de Santiago de los Caballeros.<\/p>\n<p style=\"font-weight: 400;\">La Divisi\u00f3n B estar\u00e1 compuesta por Los Coloniales (DN), LIBASADO (Santo Domingo Oeste), San Sebasti\u00e1n de Moca y Club F\u00e9nix de Santiago.<\/p>\n<p style=\"font-weight: 400;\">Bameso Bulldogs, Loros de Santo Domingo Oeste, Cocolos De San Pedro de Macor\u00eds y Constituyentes de San Crist\u00f3bal ser\u00e1n los cuatro equipos que jugar\u00e1n en la Divisi\u00f3n C.<\/p>\n<p style=\"font-weight: 400;\">En tanto que la Divisi\u00f3n D se encuentran Los Areperos (DN), Los Le\u00f1adores de Santo Domingo Este, Trenes del Este (La Romana) y Potros de Hig\u00fcey<\/p>\n<p style=\"font-weight: 400;\">Fei Duquela, fundador de la comisi\u00f3n de minibaloncesto, del Colegio de Arbitros y Anotadores (1972) y primer miembro del baloncesto dominicano en ser parte de la dirigencia de la FIBA.<\/p>\n","protected":false},"excerpt":{"rendered":"<p>El presidente del comit\u00e9 organizador de la Liga Nacional de Desarrollo U22, Wellington Arnaud, resalt\u00f3 la celebraci\u00f3n del torneo de esa categor\u00eda.<\/p>\n","protected":false},"author":20,"featured_media":95663,"comment_status":"closed","ping_status":"closed","sticky":false,"template":"","format":"standard","meta":[],"categories":[3,2,60],"tags":[24795,81391,79718],"acf":[],"_links":{"self":[{"href":"https:\/\/colimdo.org\/wp-api\/wp\/v2\/posts\/95662"}],"collection":[{"href":"https:\/\/colimdo.org\/wp-api\/wp\/v2\/posts"}],"about":[{"href":"https:\/\/colimdo.org\/wp-api\/wp\/v2\/types\/post"}],"author":[{"embeddable":true,"href":"https:\/\/colimdo.org\/wp-api\/wp\/v2\/users\/20"}],"replies":[{"embeddable":true,"href":"https:\/\/colimdo.org\/wp-api\/wp\/v2\/comments?post=95662"}],"version-history":[{"count":1,"href":"https:\/\/colimdo.org\/wp-api\/wp\/v2\/posts\/95662\/revisions"}],"predecessor-version":[{"id":95664,"href":"https:\/\/colimdo.org\/wp-api\/wp\/v2\/posts\/95662\/revisions\/95664"}],"wp:featuredmedia":[{"embeddable":true,"href":"https:\/\/colimdo.org\/wp-api\/wp\/v2\/media\/95663"}],"wp:attachment":[{"href":"https:\/\/colimdo.org\/wp-api\/wp\/v2\/media?parent=95662"}],"wp:term":[{"taxonomy":"category","embeddable":true,"href":"https:\/\/colimdo.org\/wp-api\/wp\/v2\/categories?post=95662"},{"taxonomy":"post_tag","embeddable":true,"href":"https:\/\/colimdo.org\/wp-api\/wp\/v2\/tags?post=95662"}],"curies":[{"name":"wp","href":"https:\/\/api.w.org\/{rel}","templated":true}]}}